{"id":5330,"date":"2015-06-21T21:34:05","date_gmt":"2015-06-21T19:34:05","guid":{"rendered":"http:\/\/www.mhyrdin.fr\/blog\/?p=5330"},"modified":"2015-11-23T16:29:53","modified_gmt":"2015-11-23T15:29:53","slug":"mai-apres-gruissan-le-pays-basque-et-des-raids-en-espagne","status":"publish","type":"post","link":"https:\/\/mhyrdin.fr\/blog\/mai-apres-gruissan-le-pays-basque-et-des-raids-en-espagne\/","title":{"rendered":"Mai, apr\u00e8s Gruissan : le Pays Basque et des \u00ab\u00a0raids\u00a0\u00bb en Espagne"},"content":{"rendered":"<p>C\u00f4t\u00e9 fran\u00e7ais<\/p>\n<div id=\"jig1\" class=\"justified-image-grid jig-642601bdcf4f9f6701c5dcbe898c6694 jig-preset-global jig-source-nextgen\"><div class=\"jig-clearfix\"><\/div><noscript id=\"jig1-html\" class=\"justified-image-grid-html\" data-lazy-src=\"skiplazyload\" data-src=\"skipunveillazyload\"><ul><li><a href=\"https:\/\/i0.wp.com\/mhyrdin.fr\/blog\/wordpress\/wp-content\/gallery\/paysbasque2015\/St-Jean-De-Luz_3546.jpg?ssl=1\"><img loading=\"lazy\" decoding=\"async\" src=\"https:\/\/i0.wp.com\/mhyrdin.fr\/blog\/wordpress\/wp-content\/gallery\/paysbasque2015\/St-Jean-De-Luz_3546.jpg?h=170\" alt=\"St-Jean-De-Luz\" width=\"255\" height=\"170\" \/><\/a><p class=\"jig-HTMLdescription\">St-Jean-De-Luz<\/p><\/li><li><a href=\"https:\/\/i0.wp.com\/mhyrdin.fr\/blog\/wordpress\/wp-content\/gallery\/paysbasque2015\/St-Jean-De-Luz_3548.jpg?ssl=1\"><img loading=\"lazy\" decoding=\"async\" src=\"https:\/\/i0.wp.com\/mhyrdin.fr\/blog\/wordpress\/wp-content\/gallery\/paysbasque2015\/St-Jean-De-Luz_3548.jpg?h=170\" alt=\"St-Jean-De-Luz\" width=\"324\" height=\"170\" \/><\/a><p class=\"jig-HTMLdescription\">St-Jean-De-Luz<\/p><\/li><li><a href=\"https:\/\/i0.wp.com\/mhyrdin.fr\/blog\/wordpress\/wp-content\/gallery\/paysbasque2015\/St-Jean-De-Luz_3541.jpg?ssl=1\"><img loading=\"lazy\" decoding=\"async\" src=\"https:\/\/i0.wp.com\/mhyrdin.fr\/blog\/wordpress\/wp-content\/gallery\/paysbasque2015\/St-Jean-De-Luz_3541.jpg?h=170\" alt=\"St-Jean-De-Luz\" width=\"329\" height=\"170\" \/><\/a><p class=\"jig-HTMLdescription\">St-Jean-De-Luz<\/p><\/li><li><a href=\"https:\/\/i0.wp.com\/mhyrdin.fr\/blog\/wordpress\/wp-content\/gallery\/paysbasque2015\/St-Jean-De-Luz_3564.jpg?ssl=1\" title=\"Quand il fait beau !\"><img loading=\"lazy\" decoding=\"async\" src=\"https:\/\/i0.wp.com\/mhyrdin.fr\/blog\/wordpress\/wp-content\/gallery\/paysbasque2015\/St-Jean-De-Luz_3564.jpg?h=170\" alt=\"La plage d&#039;Hendaye\" width=\"255\" height=\"170\" \/><\/a><p class=\"jig-HTMLdescription\">La plage d'Hendaye<br\/>Quand il fait beau !<\/p><\/li><li><a href=\"https:\/\/i0.wp.com\/mhyrdin.fr\/blog\/wordpress\/wp-content\/gallery\/paysbasque2015\/St-Jean-De-Luz_3567.jpg?ssl=1\" title=\"Depuis le sentier littoral\"><img loading=\"lazy\" decoding=\"async\" src=\"https:\/\/i0.wp.com\/mhyrdin.fr\/blog\/wordpress\/wp-content\/gallery\/paysbasque2015\/St-Jean-De-Luz_3567.jpg?h=170\" alt=\"Hendaye\" width=\"255\" height=\"170\" \/><\/a><p class=\"jig-HTMLdescription\">Hendaye<br\/>Depuis le sentier littoral<\/p><\/li><li><a href=\"https:\/\/i0.wp.com\/mhyrdin.fr\/blog\/wordpress\/wp-content\/gallery\/paysbasque2015\/St-Jean-De-Luz_3569.jpg?ssl=1\" title=\"Depuis le sentier littoral\"><img loading=\"lazy\" decoding=\"async\" src=\"https:\/\/i0.wp.com\/mhyrdin.fr\/blog\/wordpress\/wp-content\/gallery\/paysbasque2015\/St-Jean-De-Luz_3569.jpg?h=170\" alt=\"Hendaye\" width=\"255\" height=\"170\" \/><\/a><p class=\"jig-HTMLdescription\">Hendaye<br\/>Depuis le sentier littoral<\/p><\/li><li><a href=\"https:\/\/i0.wp.com\/mhyrdin.fr\/blog\/wordpress\/wp-content\/gallery\/paysbasque2015\/St-Jean-De-Luz_3580.jpg?ssl=1\" title=\"Depuis le sentier littoral\"><img loading=\"lazy\" decoding=\"async\" src=\"https:\/\/i0.wp.com\/mhyrdin.fr\/blog\/wordpress\/wp-content\/gallery\/paysbasque2015\/St-Jean-De-Luz_3580.jpg?h=170\" alt=\"Hendaye\" width=\"255\" height=\"170\" \/><\/a><p class=\"jig-HTMLdescription\">Hendaye<br\/>Depuis le sentier littoral<\/p><\/li><li><a href=\"https:\/\/i0.wp.com\/mhyrdin.fr\/blog\/wordpress\/wp-content\/gallery\/paysbasque2015\/Montagnes_3963.jpg?ssl=1\" title=\"Montagnes_3963\"><img loading=\"lazy\" decoding=\"async\" src=\"https:\/\/i0.wp.com\/mhyrdin.fr\/blog\/wordpress\/wp-content\/gallery\/paysbasque2015\/Montagnes_3963.jpg?h=170\" alt=\"Montagnes pr\u00e8s d&#039;Ainhoa\" width=\"255\" height=\"170\" \/><\/a><p class=\"jig-HTMLdescription\">Montagnes pr\u00e8s d'Ainhoa<br\/>Montagnes_3963<\/p><\/li><li><a href=\"https:\/\/i0.wp.com\/mhyrdin.fr\/blog\/wordpress\/wp-content\/gallery\/paysbasque2015\/Ainhoa-20150513_180354.jpg?ssl=1\"><img loading=\"lazy\" decoding=\"async\" src=\"https:\/\/i0.wp.com\/mhyrdin.fr\/blog\/wordpress\/wp-content\/gallery\/paysbasque2015\/Ainhoa-20150513_180354.jpg?h=170\" alt=\"Ainhoa\" width=\"360\" height=\"170\" \/><\/a><p class=\"jig-HTMLdescription\">Ainhoa<\/p><\/li><li><a href=\"https:\/\/i0.wp.com\/mhyrdin.fr\/blog\/wordpress\/wp-content\/gallery\/paysbasque2015\/Ainhoa-20150513_180410.jpg?ssl=1\"><img loading=\"lazy\" decoding=\"async\" src=\"https:\/\/i0.wp.com\/mhyrdin.fr\/blog\/wordpress\/wp-content\/gallery\/paysbasque2015\/Ainhoa-20150513_180410.jpg?h=170\" alt=\"Ainhoa\" width=\"314\" height=\"170\" \/><\/a><p class=\"jig-HTMLdescription\">Ainhoa<\/p><\/li><li><a href=\"https:\/\/i0.wp.com\/mhyrdin.fr\/blog\/wordpress\/wp-content\/gallery\/paysbasque2015\/Ainhoa-20150513_181508.jpg?ssl=1\"><img loading=\"lazy\" decoding=\"async\" src=\"https:\/\/i0.wp.com\/mhyrdin.fr\/blog\/wordpress\/wp-content\/gallery\/paysbasque2015\/Ainhoa-20150513_181508.jpg?h=170\" alt=\"Ainhoa\" width=\"329\" height=\"170\" \/><\/a><p class=\"jig-HTMLdescription\">Ainhoa<\/p><\/li><li><a href=\"https:\/\/i0.wp.com\/mhyrdin.fr\/blog\/wordpress\/wp-content\/gallery\/paysbasque2015\/Cabo-Higer_4891.jpg?ssl=1\" title=\"Depuis St-Jean-de-Luz\"><img loading=\"lazy\" decoding=\"async\" src=\"https:\/\/i0.wp.com\/mhyrdin.fr\/blog\/wordpress\/wp-content\/gallery\/paysbasque2015\/Cabo-Higer_4891.jpg?h=170\" alt=\"Cabo Higer\" width=\"255\" height=\"170\" \/><\/a><p class=\"jig-HTMLdescription\">Cabo Higer<br\/>Depuis St-Jean-de-Luz<\/p><\/li><li><a href=\"https:\/\/i0.wp.com\/mhyrdin.fr\/blog\/wordpress\/wp-content\/gallery\/paysbasque2015\/Ciboure_4921.jpg?ssl=1\" title=\"Ciboure_4921\"><img loading=\"lazy\" decoding=\"async\" src=\"https:\/\/i0.wp.com\/mhyrdin.fr\/blog\/wordpress\/wp-content\/gallery\/paysbasque2015\/Ciboure_4921.jpg?h=170\" alt=\"Ciboure\" width=\"255\" height=\"170\" \/><\/a><p class=\"jig-HTMLdescription\">Ciboure<br\/>Ciboure_4921<\/p><\/li><li><a href=\"https:\/\/i0.wp.com\/mhyrdin.fr\/blog\/wordpress\/wp-content\/gallery\/paysbasque2015\/Ciboure_4919.jpg?ssl=1\" title=\"Ciboure_4919\"><img loading=\"lazy\" decoding=\"async\" src=\"https:\/\/i0.wp.com\/mhyrdin.fr\/blog\/wordpress\/wp-content\/gallery\/paysbasque2015\/Ciboure_4919.jpg?h=170\" alt=\"Ciboure\" width=\"255\" height=\"170\" \/><\/a><p class=\"jig-HTMLdescription\">Ciboure<br\/>Ciboure_4919<\/p><\/li><li><a href=\"https:\/\/i0.wp.com\/mhyrdin.fr\/blog\/wordpress\/wp-content\/gallery\/paysbasque2015\/St-Jean-de-Luz_1579.jpg?ssl=1\"><img loading=\"lazy\" decoding=\"async\" src=\"https:\/\/i0.wp.com\/mhyrdin.fr\/blog\/wordpress\/wp-content\/gallery\/paysbasque2015\/St-Jean-de-Luz_1579.jpg?h=170\" alt=\"St-Jean-de-Luz\" width=\"255\" height=\"170\" \/><\/a><p class=\"jig-HTMLdescription\">St-Jean-de-Luz<\/p><\/li><li><a href=\"https:\/\/i0.wp.com\/mhyrdin.fr\/blog\/wordpress\/wp-content\/gallery\/paysbasque2015\/St-Jean-de-Luz_4873.jpg?ssl=1\"><img loading=\"lazy\" decoding=\"async\" src=\"https:\/\/i0.wp.com\/mhyrdin.fr\/blog\/wordpress\/wp-content\/gallery\/paysbasque2015\/St-Jean-de-Luz_4873.jpg?h=170\" alt=\"St-Jean-de-Luz\" width=\"255\" height=\"170\" \/><\/a><p class=\"jig-HTMLdescription\">St-Jean-de-Luz<\/p><\/li><li><a href=\"https:\/\/i0.wp.com\/mhyrdin.fr\/blog\/wordpress\/wp-content\/gallery\/paysbasque2015\/Ancolie_3653.jpg?ssl=1\" title=\"Ancolie_3653\"><img loading=\"lazy\" decoding=\"async\" src=\"https:\/\/i0.wp.com\/mhyrdin.fr\/blog\/wordpress\/wp-content\/gallery\/paysbasque2015\/Ancolie_3653.jpg?h=170\" alt=\"Ancolie\" width=\"255\" height=\"170\" \/><\/a><p class=\"jig-HTMLdescription\">Ancolie<br\/>Ancolie_3653<\/p><\/li><li><a href=\"https:\/\/i0.wp.com\/mhyrdin.fr\/blog\/wordpress\/wp-content\/gallery\/paysbasque2015\/Ancolie_3966.jpg?ssl=1\" title=\"Ancolie_3966\"><img loading=\"lazy\" decoding=\"async\" src=\"https:\/\/i0.wp.com\/mhyrdin.fr\/blog\/wordpress\/wp-content\/gallery\/paysbasque2015\/Ancolie_3966.jpg?h=170\" alt=\"Ancolie\" width=\"113\" height=\"170\" \/><\/a><p class=\"jig-HTMLdescription\">Ancolie<br\/>Ancolie_3966<\/p><\/li><li><a href=\"https:\/\/i0.wp.com\/mhyrdin.fr\/blog\/wordpress\/wp-content\/gallery\/paysbasque2015\/Campanule_3965.jpg?ssl=1\" title=\"Campanule_3965\"><img loading=\"lazy\" decoding=\"async\" src=\"https:\/\/i0.wp.com\/mhyrdin.fr\/blog\/wordpress\/wp-content\/gallery\/paysbasque2015\/Campanule_3965.jpg?h=170\" alt=\"Campanules\" width=\"255\" height=\"170\" \/><\/a><p class=\"jig-HTMLdescription\">Campanules<br\/>Campanule_3965<\/p><\/li><li><a href=\"https:\/\/i0.wp.com\/mhyrdin.fr\/blog\/wordpress\/wp-content\/gallery\/paysbasque2015\/Fraise-des-bois_3825.jpg?ssl=1\"><img loading=\"lazy\" decoding=\"async\" src=\"https:\/\/i0.wp.com\/mhyrdin.fr\/blog\/wordpress\/wp-content\/gallery\/paysbasque2015\/Fraise-des-bois_3825.jpg?h=170\" alt=\"Fraise des bois\" width=\"255\" height=\"170\" \/><\/a><p class=\"jig-HTMLdescription\">Fraise des bois<\/p><\/li><li><a href=\"https:\/\/i0.wp.com\/mhyrdin.fr\/blog\/wordpress\/wp-content\/gallery\/paysbasque2015\/Lychnis-flos-coculi_3824.jpg?ssl=1\"><img loading=\"lazy\" decoding=\"async\" src=\"https:\/\/i0.wp.com\/mhyrdin.fr\/blog\/wordpress\/wp-content\/gallery\/paysbasque2015\/Lychnis-flos-coculi_3824.jpg?h=170\" alt=\"Lychnis flos coculi\" width=\"255\" height=\"170\" \/><\/a><p class=\"jig-HTMLdescription\">Lychnis flos coculi<\/p><\/li><li><a href=\"https:\/\/i0.wp.com\/mhyrdin.fr\/blog\/wordpress\/wp-content\/gallery\/paysbasque2015\/L%C3%A9zard-des-murailles_3553.jpg?ssl=1\"><img loading=\"lazy\" decoding=\"async\" src=\"https:\/\/i0.wp.com\/mhyrdin.fr\/blog\/wordpress\/wp-content\/gallery\/paysbasque2015\/L%C3%A9zard-des-murailles_3553.jpg?h=170\" alt=\"L\u00e9zard des murailles\" width=\"255\" height=\"170\" \/><\/a><p class=\"jig-HTMLdescription\">L\u00e9zard des murailles<\/p><\/li><li><a href=\"https:\/\/i0.wp.com\/mhyrdin.fr\/blog\/wordpress\/wp-content\/gallery\/paysbasque2015\/Potok_3856.jpg?ssl=1\" title=\"Potok_3856\"><img loading=\"lazy\" decoding=\"async\" src=\"https:\/\/i0.wp.com\/mhyrdin.fr\/blog\/wordpress\/wp-content\/gallery\/paysbasque2015\/Potok_3856.jpg?h=170\" alt=\"Potoks\" width=\"255\" height=\"170\" \/><\/a><p class=\"jig-HTMLdescription\">Potoks<br\/>Potok_3856<\/p><\/li><li><a href=\"https:\/\/i0.wp.com\/mhyrdin.fr\/blog\/wordpress\/wp-content\/gallery\/paysbasque2015\/Potok_3867.jpg?ssl=1\" title=\"Potok_3867\"><img loading=\"lazy\" decoding=\"async\" src=\"https:\/\/i0.wp.com\/mhyrdin.fr\/blog\/wordpress\/wp-content\/gallery\/paysbasque2015\/Potok_3867.jpg?h=170\" alt=\"Potoks\" width=\"255\" height=\"170\" \/><\/a><p class=\"jig-HTMLdescription\">Potoks<br\/>Potok_3867<\/p><\/li><li><a href=\"https:\/\/i0.wp.com\/mhyrdin.fr\/blog\/wordpress\/wp-content\/gallery\/paysbasque2015\/Vautour-fauve_3834.jpg?ssl=1\"><img loading=\"lazy\" decoding=\"async\" src=\"https:\/\/i0.wp.com\/mhyrdin.fr\/blog\/wordpress\/wp-content\/gallery\/paysbasque2015\/Vautour-fauve_3834.jpg?h=170\" alt=\"Vautour fauve\" width=\"255\" height=\"170\" \/><\/a><p class=\"jig-HTMLdescription\">Vautour fauve<\/p><\/li><li><a href=\"https:\/\/i0.wp.com\/mhyrdin.fr\/blog\/wordpress\/wp-content\/gallery\/paysbasque2015\/Merle_4869.jpg?ssl=1\" title=\"sto\u00efque sous la pluie\"><img loading=\"lazy\" decoding=\"async\" src=\"https:\/\/i0.wp.com\/mhyrdin.fr\/blog\/wordpress\/wp-content\/gallery\/paysbasque2015\/Merle_4869.jpg?h=170\" alt=\"Merle\" width=\"255\" height=\"170\" \/><\/a><p class=\"jig-HTMLdescription\">Merle<br\/>sto\u00efque sous la pluie<\/p><\/li><li><a href=\"https:\/\/i0.wp.com\/mhyrdin.fr\/blog\/wordpress\/wp-content\/gallery\/paysbasque2015\/Merle_4890.jpg?ssl=1\" title=\"Merle_4890\"><img loading=\"lazy\" decoding=\"async\" src=\"https:\/\/i0.wp.com\/mhyrdin.fr\/blog\/wordpress\/wp-content\/gallery\/paysbasque2015\/Merle_4890.jpg?h=170\" alt=\"Merle\" width=\"113\" height=\"170\" \/><\/a><p class=\"jig-HTMLdescription\">Merle<br\/>Merle_4890<\/p><\/li><li><a href=\"https:\/\/i0.wp.com\/mhyrdin.fr\/blog\/wordpress\/wp-content\/gallery\/paysbasque2015\/Milan-royal_3958.jpg?ssl=1\"><img loading=\"lazy\" decoding=\"async\" src=\"https:\/\/i0.wp.com\/mhyrdin.fr\/blog\/wordpress\/wp-content\/gallery\/paysbasque2015\/Milan-royal_3958.jpg?h=170\" alt=\"Milan royal\" width=\"255\" height=\"170\" \/><\/a><p class=\"jig-HTMLdescription\">Milan royal<\/p><\/li><li><a href=\"https:\/\/i0.wp.com\/mhyrdin.fr\/blog\/wordpress\/wp-content\/gallery\/paysbasque2015\/Vautour-fauve_3934.jpg?ssl=1\"><img loading=\"lazy\" decoding=\"async\" src=\"https:\/\/i0.wp.com\/mhyrdin.fr\/blog\/wordpress\/wp-content\/gallery\/paysbasque2015\/Vautour-fauve_3934.jpg?h=170\" alt=\"Vautour fauve\" width=\"255\" height=\"170\" \/><\/a><p class=\"jig-HTMLdescription\">Vautour fauve<\/p><\/li><\/ul><\/noscript><\/div><div id=\"jig1-developerLink\" class=\"jig-developerLink\"><a href=\"https:\/\/justifiedgrid.com\/\" target=\"_blank\" title=\"Justified Image Grid - Premium WordPress Gallery\">powered by Justified Image Grid<\/a><\/div>\n<p>Vir\u00e9es en Espagne (Navarre et Guipuzcoa)<\/p>\n<div id=\"jig2\" class=\"justified-image-grid jig-0b46b4c25d849900ce86f4c791b1fdea jig-preset-global jig-source-nextgen\"><div class=\"jig-clearfix\"><\/div><noscript id=\"jig2-html\" class=\"justified-image-grid-html\" data-lazy-src=\"skiplazyload\" data-src=\"skipunveillazyload\"><ul><li><a href=\"https:\/\/i0.wp.com\/mhyrdin.fr\/blog\/wordpress\/wp-content\/gallery\/incursionsespagne2015\/Cabo-Higer_1376.jpg?ssl=1\"><img loading=\"lazy\" decoding=\"async\" src=\"https:\/\/i0.wp.com\/mhyrdin.fr\/blog\/wordpress\/wp-content\/gallery\/incursionsespagne2015\/Cabo-Higer_1376.jpg?h=170\" alt=\"Cabo Higer\" width=\"113\" height=\"170\" \/><\/a><p class=\"jig-HTMLdescription\">Cabo Higer<\/p><\/li><li><a href=\"https:\/\/i0.wp.com\/mhyrdin.fr\/blog\/wordpress\/wp-content\/gallery\/incursionsespagne2015\/Arraioz_3671.jpg?ssl=1\" title=\"Arraioz_3671\"><img loading=\"lazy\" decoding=\"async\" src=\"https:\/\/i0.wp.com\/mhyrdin.fr\/blog\/wordpress\/wp-content\/gallery\/incursionsespagne2015\/Arraioz_3671.jpg?h=170\" alt=\"Arraioz\" width=\"113\" height=\"170\" \/><\/a><p class=\"jig-HTMLdescription\">Arraioz<br\/>Arraioz_3671<\/p><\/li><li><a href=\"https:\/\/i0.wp.com\/mhyrdin.fr\/blog\/wordpress\/wp-content\/gallery\/incursionsespagne2015\/Arraioz_1368.jpg?ssl=1\" title=\"Arraioz_1368\"><img loading=\"lazy\" decoding=\"async\" src=\"https:\/\/i0.wp.com\/mhyrdin.fr\/blog\/wordpress\/wp-content\/gallery\/incursionsespagne2015\/Arraioz_1368.jpg?h=170\" alt=\"Arraioz\" width=\"255\" height=\"170\" \/><\/a><p class=\"jig-HTMLdescription\">Arraioz<br\/>Arraioz_1368<\/p><\/li><li><a href=\"https:\/\/i0.wp.com\/mhyrdin.fr\/blog\/wordpress\/wp-content\/gallery\/incursionsespagne2015\/Arraioz_1367.jpg?ssl=1\" title=\"La maison des sorci\u00e8res\"><img loading=\"lazy\" decoding=\"async\" src=\"https:\/\/i0.wp.com\/mhyrdin.fr\/blog\/wordpress\/wp-content\/gallery\/incursionsespagne2015\/Arraioz_1367.jpg?h=170\" alt=\"Arraioz\" width=\"255\" height=\"170\" \/><\/a><p class=\"jig-HTMLdescription\">Arraioz<br\/>La maison des sorci\u00e8res<\/p><\/li><li><a href=\"https:\/\/i0.wp.com\/mhyrdin.fr\/blog\/wordpress\/wp-content\/gallery\/incursionsespagne2015\/Arraioz_1363.jpg?ssl=1\" title=\"La maison des sorci\u00e8res\"><img loading=\"lazy\" decoding=\"async\" src=\"https:\/\/i0.wp.com\/mhyrdin.fr\/blog\/wordpress\/wp-content\/gallery\/incursionsespagne2015\/Arraioz_1363.jpg?h=170\" alt=\"Arraioz\" width=\"255\" height=\"170\" \/><\/a><p class=\"jig-HTMLdescription\">Arraioz<br\/>La maison des sorci\u00e8res<\/p><\/li><li><a href=\"https:\/\/i0.wp.com\/mhyrdin.fr\/blog\/wordpress\/wp-content\/gallery\/incursionsespagne2015\/Donostia-baie.jpg?ssl=1\" title=\"La concha\"><img loading=\"lazy\" decoding=\"async\" src=\"https:\/\/i0.wp.com\/mhyrdin.fr\/blog\/wordpress\/wp-content\/gallery\/incursionsespagne2015\/Donostia-baie.jpg?h=170\" alt=\"Donostia - San Sebastian\" width=\"757\" height=\"170\" \/><\/a><p class=\"jig-HTMLdescription\">Donostia - San Sebastian<br\/>La concha<\/p><\/li><li><a href=\"https:\/\/i0.wp.com\/mhyrdin.fr\/blog\/wordpress\/wp-content\/gallery\/incursionsespagne2015\/Donostia_3689.jpg?ssl=1\" title=\"Donostia_3689\"><img loading=\"lazy\" decoding=\"async\" src=\"https:\/\/i0.wp.com\/mhyrdin.fr\/blog\/wordpress\/wp-content\/gallery\/incursionsespagne2015\/Donostia_3689.jpg?h=170\" alt=\"Donostia - San Sebastian\" width=\"336\" height=\"170\" \/><\/a><p class=\"jig-HTMLdescription\">Donostia - San Sebastian<br\/>Donostia_3689<\/p><\/li><li><a href=\"https:\/\/i0.wp.com\/mhyrdin.fr\/blog\/wordpress\/wp-content\/gallery\/incursionsespagne2015\/Donostia_3677.jpg?ssl=1\" title=\"Donostia_3677\"><img loading=\"lazy\" decoding=\"async\" src=\"https:\/\/i0.wp.com\/mhyrdin.fr\/blog\/wordpress\/wp-content\/gallery\/incursionsespagne2015\/Donostia_3677.jpg?h=170\" alt=\"Donostia - San Sebastian\" width=\"255\" height=\"170\" \/><\/a><p class=\"jig-HTMLdescription\">Donostia - San Sebastian<br\/>Donostia_3677<\/p><\/li><li><a href=\"https:\/\/i0.wp.com\/mhyrdin.fr\/blog\/wordpress\/wp-content\/gallery\/incursionsespagne2015\/Orchis-d_Espagne-Orchis-langei_3642.jpg?ssl=1\" title=\"Orchis langei\"><img loading=\"lazy\" decoding=\"async\" src=\"https:\/\/i0.wp.com\/mhyrdin.fr\/blog\/wordpress\/wp-content\/gallery\/incursionsespagne2015\/Orchis-d_Espagne-Orchis-langei_3642.jpg?h=170\" alt=\"Orchis d&#039;Espagne\" width=\"113\" height=\"170\" \/><\/a><p class=\"jig-HTMLdescription\">Orchis d'Espagne<br\/>Orchis langei<\/p><\/li><li><a href=\"https:\/\/i0.wp.com\/mhyrdin.fr\/blog\/wordpress\/wp-content\/gallery\/incursionsespagne2015\/Orchis-d_Espagne-Orchis-langei_3651.jpg?ssl=1\" title=\"Orchis langei\"><img loading=\"lazy\" decoding=\"async\" src=\"https:\/\/i0.wp.com\/mhyrdin.fr\/blog\/wordpress\/wp-content\/gallery\/incursionsespagne2015\/Orchis-d_Espagne-Orchis-langei_3651.jpg?h=170\" alt=\"Orchis d&#039;Espagne\" width=\"113\" height=\"170\" \/><\/a><p class=\"jig-HTMLdescription\">Orchis d'Espagne<br\/>Orchis langei<\/p><\/li><li><a href=\"https:\/\/i0.wp.com\/mhyrdin.fr\/blog\/wordpress\/wp-content\/gallery\/incursionsespagne2015\/L%C3%A9zard-hispanique_3808.jpg?ssl=1\" title=\"Podarcis liolepis\"><img loading=\"lazy\" decoding=\"async\" src=\"https:\/\/i0.wp.com\/mhyrdin.fr\/blog\/wordpress\/wp-content\/gallery\/incursionsespagne2015\/L%C3%A9zard-hispanique_3808.jpg?h=170\" alt=\"L\u00e9zard hispanique\/catalan\" width=\"255\" height=\"170\" \/><\/a><p class=\"jig-HTMLdescription\">L\u00e9zard hispanique\/catalan<br\/>Podarcis liolepis<\/p><\/li><\/ul><\/noscript><\/div><div id=\"jig2-developerLink\" class=\"jig-developerLink\"><a href=\"https:\/\/justifiedgrid.com\/\" target=\"_blank\" title=\"Justified Image Grid - Premium WordPress Gallery\">powered by Justified Image Grid<\/a><\/div>\n<p>Images espagnoles plus nombreuses <a href=\"http:\/\/www.mhyrdin.fr\/voyages\/espagne-2\/pays-basque-et-navarre\/\" target=\"_blank\">dans les pages de mon site Voyages<\/a><\/p>\n<h3>Related Images:<\/h3>","protected":false},"excerpt":{"rendered":"<p>C\u00f4t\u00e9 fran\u00e7ais Vir\u00e9es en Espagne (Navarre et Guipuzcoa) Images espagnoles plus nombreuses dans les pages de mon site Voyages Related Images:<\/p>\n","protected":false},"author":4,"featured_media":5431,"comment_status":"open","ping_status":"closed","sticky":false,"template":"","format":"standard","meta":{"ngg_post_thumbnail":0,"jetpack_post_was_ever_published":false,"_jetpack_newsletter_access":"","_jetpack_dont_email_post_to_subs":false,"_jetpack_newsletter_tier_id":0,"_jetpack_memberships_contains_paywalled_content":false,"_jetpack_memberships_contains_paid_content":false,"footnotes":"","_links_to":"","_links_to_target":""},"categories":[1],"tags":[],"class_list":["post-5330","post","type-post","status-publish","format-standard","has-post-thumbnail","hentry","category-new"],"jetpack_featured_media_url":"https:\/\/i0.wp.com\/mhyrdin.fr\/blog\/wordpress\/wp-content\/uploads\/ngg_featured\/Montagnes_3963.jpg?fit=1024%2C683&ssl=1","jetpack_shortlink":"https:\/\/wp.me\/p9lSZN-1nY","jetpack_sharing_enabled":true,"_links":{"self":[{"href":"https:\/\/mhyrdin.fr\/blog\/wp-json\/wp\/v2\/posts\/5330","targetHints":{"allow":["GET"]}}],"collection":[{"href":"https:\/\/mhyrdin.fr\/blog\/wp-json\/wp\/v2\/posts"}],"about":[{"href":"https:\/\/mhyrdin.fr\/blog\/wp-json\/wp\/v2\/types\/post"}],"author":[{"embeddable":true,"href":"https:\/\/mhyrdin.fr\/blog\/wp-json\/wp\/v2\/users\/4"}],"replies":[{"embeddable":true,"href":"https:\/\/mhyrdin.fr\/blog\/wp-json\/wp\/v2\/comments?post=5330"}],"version-history":[{"count":0,"href":"https:\/\/mhyrdin.fr\/blog\/wp-json\/wp\/v2\/posts\/5330\/revisions"}],"wp:featuredmedia":[{"embeddable":true,"href":"https:\/\/mhyrdin.fr\/blog\/wp-json\/wp\/v2\/media\/5431"}],"wp:attachment":[{"href":"https:\/\/mhyrdin.fr\/blog\/wp-json\/wp\/v2\/media?parent=5330"}],"wp:term":[{"taxonomy":"category","embeddable":true,"href":"https:\/\/mhyrdin.fr\/blog\/wp-json\/wp\/v2\/categories?post=5330"},{"taxonomy":"post_tag","embeddable":true,"href":"https:\/\/mhyrdin.fr\/blog\/wp-json\/wp\/v2\/tags?post=5330"}],"curies":[{"name":"wp","href":"https:\/\/api.w.org\/{rel}","templated":true}]}}