{"id":5022,"date":"2015-04-03T12:35:59","date_gmt":"2015-04-03T10:35:59","guid":{"rendered":"http:\/\/www.mhyrdin.fr\/blog\/?p=5022"},"modified":"2015-11-23T16:30:31","modified_gmt":"2015-11-23T15:30:31","slug":"apres-guerledan-etape-muroise","status":"publish","type":"post","link":"https:\/\/mhyrdin.fr\/blog\/apres-guerledan-etape-muroise\/","title":{"rendered":"Apr\u00e8s Guerledan, \u00e9tape m\u00fbroise"},"content":{"rendered":"<div id=\"jig1\" class=\"justified-image-grid jig-c345394f8496e8ddd668ae4ff335f773 jig-preset-global jig-source-nextgen\"><div class=\"jig-clearfix\"><\/div><noscript id=\"jig1-html\" class=\"justified-image-grid-html\" data-lazy-src=\"skiplazyload\" data-src=\"skipunveillazyload\"><ul><li><a href=\"https:\/\/i0.wp.com\/mhyrdin.fr\/blog\/wordpress\/wp-content\/gallery\/2015_murbretagne\/Mur-de-Bretagne_Ste-Suzanne_0957.jpg?ssl=1\" title=\"Chapelle Ste-Suzanne\"><img loading=\"lazy\" decoding=\"async\" src=\"https:\/\/i0.wp.com\/mhyrdin.fr\/blog\/wordpress\/wp-content\/gallery\/2015_murbretagne\/Mur-de-Bretagne_Ste-Suzanne_0957.jpg?h=170\" alt=\"M\u00fbr-de-Bretagne\" width=\"113\" height=\"170\" \/><\/a><p class=\"jig-HTMLdescription\">M\u00fbr-de-Bretagne<br\/>Chapelle Ste-Suzanne<\/p><\/li><li><a href=\"https:\/\/i0.wp.com\/mhyrdin.fr\/blog\/wordpress\/wp-content\/gallery\/2015_murbretagne\/Mur-de-Bretagne_Ste-Suzanne_0958.jpg?ssl=1\" title=\"Chapelle Ste-Suzanne\"><img loading=\"lazy\" decoding=\"async\" src=\"https:\/\/i0.wp.com\/mhyrdin.fr\/blog\/wordpress\/wp-content\/gallery\/2015_murbretagne\/Mur-de-Bretagne_Ste-Suzanne_0958.jpg?h=170\" alt=\"M\u00fbr-de-Bretagne\" width=\"113\" height=\"170\" \/><\/a><p class=\"jig-HTMLdescription\">M\u00fbr-de-Bretagne<br\/>Chapelle Ste-Suzanne<\/p><\/li><li><a href=\"https:\/\/i0.wp.com\/mhyrdin.fr\/blog\/wordpress\/wp-content\/gallery\/2015_murbretagne\/Mur-de-Bretagne_Ste-Suzanne_0959.jpg?ssl=1\" title=\"Chapelle Ste-Suzanne\"><img loading=\"lazy\" decoding=\"async\" src=\"https:\/\/i0.wp.com\/mhyrdin.fr\/blog\/wordpress\/wp-content\/gallery\/2015_murbretagne\/Mur-de-Bretagne_Ste-Suzanne_0959.jpg?h=170\" alt=\"M\u00fbr-de-Bretagne\" width=\"113\" height=\"170\" \/><\/a><p class=\"jig-HTMLdescription\">M\u00fbr-de-Bretagne<br\/>Chapelle Ste-Suzanne<\/p><\/li><li><a href=\"https:\/\/i0.wp.com\/mhyrdin.fr\/blog\/wordpress\/wp-content\/gallery\/2015_murbretagne\/Mur-de-Bretagne_Ste-Suzanne_0961.jpg?ssl=1\" title=\"Chapelle Ste-Suzanne\"><img loading=\"lazy\" decoding=\"async\" src=\"https:\/\/i0.wp.com\/mhyrdin.fr\/blog\/wordpress\/wp-content\/gallery\/2015_murbretagne\/Mur-de-Bretagne_Ste-Suzanne_0961.jpg?h=170\" alt=\"M\u00fbr-de-Bretagne\" width=\"113\" height=\"170\" \/><\/a><p class=\"jig-HTMLdescription\">M\u00fbr-de-Bretagne<br\/>Chapelle Ste-Suzanne<\/p><\/li><li><a href=\"https:\/\/i0.wp.com\/mhyrdin.fr\/blog\/wordpress\/wp-content\/gallery\/2015_murbretagne\/Mur-de-Bretagne_Ste-Suzanne_0963.jpg?ssl=1\" title=\"Chapelle Ste-Suzanne\"><img loading=\"lazy\" decoding=\"async\" src=\"https:\/\/i0.wp.com\/mhyrdin.fr\/blog\/wordpress\/wp-content\/gallery\/2015_murbretagne\/Mur-de-Bretagne_Ste-Suzanne_0963.jpg?h=170\" alt=\"M\u00fbr-de-Bretagne\" width=\"113\" height=\"170\" \/><\/a><p class=\"jig-HTMLdescription\">M\u00fbr-de-Bretagne<br\/>Chapelle Ste-Suzanne<\/p><\/li><li><a href=\"https:\/\/i0.wp.com\/mhyrdin.fr\/blog\/wordpress\/wp-content\/gallery\/2015_murbretagne\/Mur-de-Bretagne_Ste-Suzanne_0964.jpg?ssl=1\" title=\"Chapelle Ste-Suzanne\"><img loading=\"lazy\" decoding=\"async\" src=\"https:\/\/i0.wp.com\/mhyrdin.fr\/blog\/wordpress\/wp-content\/gallery\/2015_murbretagne\/Mur-de-Bretagne_Ste-Suzanne_0964.jpg?h=170\" alt=\"M\u00fbr-de-Bretagne\" width=\"113\" height=\"170\" \/><\/a><p class=\"jig-HTMLdescription\">M\u00fbr-de-Bretagne<br\/>Chapelle Ste-Suzanne<\/p><\/li><li><a href=\"https:\/\/i0.wp.com\/mhyrdin.fr\/blog\/wordpress\/wp-content\/gallery\/2015_murbretagne\/Mur-de-Bretagne_Ste-Suzanne_0967.jpg?ssl=1\" title=\"Chapelle Ste-Suzanne\"><img loading=\"lazy\" decoding=\"async\" src=\"https:\/\/i0.wp.com\/mhyrdin.fr\/blog\/wordpress\/wp-content\/gallery\/2015_murbretagne\/Mur-de-Bretagne_Ste-Suzanne_0967.jpg?h=170\" alt=\"M\u00fbr-de-Bretagne\" width=\"255\" height=\"170\" \/><\/a><p class=\"jig-HTMLdescription\">M\u00fbr-de-Bretagne<br\/>Chapelle Ste-Suzanne<\/p><\/li><li><a href=\"https:\/\/i0.wp.com\/mhyrdin.fr\/blog\/wordpress\/wp-content\/gallery\/2015_murbretagne\/Mur-de-Bretagne_Ste-Suzanne_0969.jpg?ssl=1\" title=\"Chapelle Ste-Suzanne\"><img loading=\"lazy\" decoding=\"async\" src=\"https:\/\/i0.wp.com\/mhyrdin.fr\/blog\/wordpress\/wp-content\/gallery\/2015_murbretagne\/Mur-de-Bretagne_Ste-Suzanne_0969.jpg?h=170\" alt=\"M\u00fbr-de-Bretagne\" width=\"113\" height=\"170\" \/><\/a><p class=\"jig-HTMLdescription\">M\u00fbr-de-Bretagne<br\/>Chapelle Ste-Suzanne<\/p><\/li><li><a href=\"https:\/\/i0.wp.com\/mhyrdin.fr\/blog\/wordpress\/wp-content\/gallery\/2015_murbretagne\/Mur-de-Bretagne_Ste-Suzanne_0971.jpg?ssl=1\" title=\"Chapelle Ste-Suzanne\"><img loading=\"lazy\" decoding=\"async\" src=\"https:\/\/i0.wp.com\/mhyrdin.fr\/blog\/wordpress\/wp-content\/gallery\/2015_murbretagne\/Mur-de-Bretagne_Ste-Suzanne_0971.jpg?h=170\" alt=\"M\u00fbr-de-Bretagne\" width=\"113\" height=\"170\" \/><\/a><p class=\"jig-HTMLdescription\">M\u00fbr-de-Bretagne<br\/>Chapelle Ste-Suzanne<\/p><\/li><li><a href=\"https:\/\/i0.wp.com\/mhyrdin.fr\/blog\/wordpress\/wp-content\/gallery\/2015_murbretagne\/Mur-de-Bretagne_Ste-Suzanne_0982.jpg?ssl=1\" title=\"Chapelle Ste-Suzanne\"><img loading=\"lazy\" decoding=\"async\" src=\"https:\/\/i0.wp.com\/mhyrdin.fr\/blog\/wordpress\/wp-content\/gallery\/2015_murbretagne\/Mur-de-Bretagne_Ste-Suzanne_0982.jpg?h=170\" alt=\"M\u00fbr-de-Bretagne\" width=\"113\" height=\"170\" \/><\/a><p class=\"jig-HTMLdescription\">M\u00fbr-de-Bretagne<br\/>Chapelle Ste-Suzanne<\/p><\/li><li><a href=\"https:\/\/i0.wp.com\/mhyrdin.fr\/blog\/wordpress\/wp-content\/gallery\/2015_murbretagne\/trametes-versicolor_0975.jpg?ssl=1\" title=\"Chapelle Ste-Suzanne - Sur les murs de l&#039;enclos\"><img loading=\"lazy\" decoding=\"async\" src=\"https:\/\/i0.wp.com\/mhyrdin.fr\/blog\/wordpress\/wp-content\/gallery\/2015_murbretagne\/trametes-versicolor_0975.jpg?h=170\" alt=\"trametes versicolor\" width=\"255\" height=\"170\" \/><\/a><p class=\"jig-HTMLdescription\">trametes versicolor<br\/>Chapelle Ste-Suzanne - Sur les murs de l'enclos<\/p><\/li><li><a href=\"https:\/\/i0.wp.com\/mhyrdin.fr\/blog\/wordpress\/wp-content\/gallery\/2015_murbretagne\/trametes-versicolor_0976.jpg?ssl=1\" title=\"Chapelle Ste-Suzanne - Sur les murs de l&#039;enclos\"><img loading=\"lazy\" decoding=\"async\" src=\"https:\/\/i0.wp.com\/mhyrdin.fr\/blog\/wordpress\/wp-content\/gallery\/2015_murbretagne\/trametes-versicolor_0976.jpg?h=170\" alt=\"trametes versicolor\" width=\"255\" height=\"170\" \/><\/a><p class=\"jig-HTMLdescription\">trametes versicolor<br\/>Chapelle Ste-Suzanne - Sur les murs de l'enclos<\/p><\/li><li><a href=\"https:\/\/i0.wp.com\/mhyrdin.fr\/blog\/wordpress\/wp-content\/gallery\/2015_murbretagne\/trametes-versicolor_0977.jpg?ssl=1\" title=\"Chapelle Ste-Suzanne - Sur les murs de l&#039;enclos\"><img loading=\"lazy\" decoding=\"async\" src=\"https:\/\/i0.wp.com\/mhyrdin.fr\/blog\/wordpress\/wp-content\/gallery\/2015_murbretagne\/trametes-versicolor_0977.jpg?h=170\" alt=\"trametes versicolor\" width=\"255\" height=\"170\" \/><\/a><p class=\"jig-HTMLdescription\">trametes versicolor<br\/>Chapelle Ste-Suzanne - Sur les murs de l'enclos<\/p><\/li><\/ul><\/noscript><\/div><div id=\"jig1-developerLink\" class=\"jig-developerLink\"><a href=\"https:\/\/justifiedgrid.com\/\" target=\"_blank\" title=\"Justified Image Grid - Premium WordPress Gallery\">powered by Justified Image Grid<\/a><\/div>\n<h3>Related Images:<\/h3>","protected":false},"excerpt":{"rendered":"<p>Related Images:<\/p>\n","protected":false},"author":4,"featured_media":5024,"comment_status":"open","ping_status":"closed","sticky":false,"template":"","format":"standard","meta":{"ngg_post_thumbnail":0,"jetpack_post_was_ever_published":false,"_jetpack_newsletter_access":"","_jetpack_dont_email_post_to_subs":false,"_jetpack_newsletter_tier_id":0,"_jetpack_memberships_contains_paywalled_content":false,"_jetpack_memberships_contains_paid_content":false,"footnotes":"","_links_to":"","_links_to_target":""},"categories":[1],"tags":[],"class_list":["post-5022","post","type-post","status-publish","format-standard","has-post-thumbnail","hentry","category-new"],"jetpack_featured_media_url":"https:\/\/i0.wp.com\/mhyrdin.fr\/blog\/wordpress\/wp-content\/uploads\/ngg_featured\/Mur-de-Bretagne_Ste-Suzanne_0967.jpg?fit=1024%2C683&ssl=1","jetpack_shortlink":"https:\/\/wp.me\/p9lSZN-1j0","jetpack_sharing_enabled":true,"_links":{"self":[{"href":"https:\/\/mhyrdin.fr\/blog\/wp-json\/wp\/v2\/posts\/5022","targetHints":{"allow":["GET"]}}],"collection":[{"href":"https:\/\/mhyrdin.fr\/blog\/wp-json\/wp\/v2\/posts"}],"about":[{"href":"https:\/\/mhyrdin.fr\/blog\/wp-json\/wp\/v2\/types\/post"}],"author":[{"embeddable":true,"href":"https:\/\/mhyrdin.fr\/blog\/wp-json\/wp\/v2\/users\/4"}],"replies":[{"embeddable":true,"href":"https:\/\/mhyrdin.fr\/blog\/wp-json\/wp\/v2\/comments?post=5022"}],"version-history":[{"count":0,"href":"https:\/\/mhyrdin.fr\/blog\/wp-json\/wp\/v2\/posts\/5022\/revisions"}],"wp:featuredmedia":[{"embeddable":true,"href":"https:\/\/mhyrdin.fr\/blog\/wp-json\/wp\/v2\/media\/5024"}],"wp:attachment":[{"href":"https:\/\/mhyrdin.fr\/blog\/wp-json\/wp\/v2\/media?parent=5022"}],"wp:term":[{"taxonomy":"category","embeddable":true,"href":"https:\/\/mhyrdin.fr\/blog\/wp-json\/wp\/v2\/categories?post=5022"},{"taxonomy":"post_tag","embeddable":true,"href":"https:\/\/mhyrdin.fr\/blog\/wp-json\/wp\/v2\/tags?post=5022"}],"curies":[{"name":"wp","href":"https:\/\/api.w.org\/{rel}","templated":true}]}}