{"id":4431,"date":"2015-01-31T00:00:56","date_gmt":"2015-01-30T23:00:56","guid":{"rendered":"http:\/\/www.mhyrdin.fr\/blog\/?p=4431"},"modified":"2015-11-23T16:30:31","modified_gmt":"2015-11-23T15:30:31","slug":"janvier-touche-a-sa-fin","status":"publish","type":"post","link":"https:\/\/mhyrdin.fr\/blog\/janvier-touche-a-sa-fin\/","title":{"rendered":"Janvier vient de finir."},"content":{"rendered":"<p>31 janvier, journ\u00e9e internationale des zones humides.<br \/>\n(m\u00eame en Bretagne on en trouve <img data-recalc-dims=\"1\" src=\"https:\/\/i0.wp.com\/mhyrdin.fr\/blog\/wordpress\/wp-includes\/images\/smilies\/mrgreen.png?ssl=1\" alt=\":mrgreen:\" class=\"wp-smiley\" style=\"height: 1em; max-height: 1em;\" \/> !)<\/p>\n<div id=\"jig1\" class=\"justified-image-grid jig-894c7df255957fe5f45fb556296f1739 jig-preset-global jig-source-nextgen\"><div class=\"jig-clearfix\"><\/div><noscript id=\"jig1-html\" class=\"justified-image-grid-html\" data-lazy-src=\"skiplazyload\" data-src=\"skipunveillazyload\"><ul><li><a href=\"https:\/\/i0.wp.com\/mhyrdin.fr\/blog\/wordpress\/wp-content\/gallery\/31janv-2015\/Guisseny_9565.jpg?ssl=1\" title=\"Guisseny_9565\"><img loading=\"lazy\" decoding=\"async\" src=\"https:\/\/i0.wp.com\/mhyrdin.fr\/blog\/wordpress\/wp-content\/gallery\/31janv-2015\/Guisseny_9565.jpg?h=170\" alt=\"\u00c9tang du Curnic - Guiss\u00e9ny\" width=\"255\" height=\"170\" \/><\/a><p class=\"jig-HTMLdescription\">\u00c9tang du Curnic - Guiss\u00e9ny<br\/>Guisseny_9565<\/p><\/li><li><a href=\"https:\/\/i0.wp.com\/mhyrdin.fr\/blog\/wordpress\/wp-content\/gallery\/31janv-2015\/Barge-%C3%A0-queue-noire_9713.jpg?ssl=1\" title=\"\u00c9tang du Curnic - Guiss\u00e9ny\"><img loading=\"lazy\" decoding=\"async\" src=\"https:\/\/i0.wp.com\/mhyrdin.fr\/blog\/wordpress\/wp-content\/gallery\/31janv-2015\/Barge-%C3%A0-queue-noire_9713.jpg?h=170\" alt=\"Barges \u00e0 queue noire\" width=\"255\" height=\"170\" \/><\/a><p class=\"jig-HTMLdescription\">Barges \u00e0 queue noire<br\/>\u00c9tang du Curnic - Guiss\u00e9ny<\/p><\/li><li><a href=\"https:\/\/i0.wp.com\/mhyrdin.fr\/blog\/wordpress\/wp-content\/gallery\/31janv-2015\/Barge-%C3%A0-queue-noire_9714pano.jpg?ssl=1\" title=\"\u00c9tang du Curnic - Guiss\u00e9ny\"><img loading=\"lazy\" decoding=\"async\" src=\"https:\/\/i0.wp.com\/mhyrdin.fr\/blog\/wordpress\/wp-content\/gallery\/31janv-2015\/Barge-%C3%A0-queue-noire_9714pano.jpg?h=170\" alt=\"Barges \u00e0 queue noire\" width=\"744\" height=\"170\" \/><\/a><p class=\"jig-HTMLdescription\">Barges \u00e0 queue noire<br\/>\u00c9tang du Curnic - Guiss\u00e9ny<\/p><\/li><li><a href=\"https:\/\/i0.wp.com\/mhyrdin.fr\/blog\/wordpress\/wp-content\/gallery\/31janv-2015\/Barge-%C3%A0-queue-noire_9720.jpg?ssl=1\" title=\"\u00c9tang du Curnic - Guiss\u00e9ny\"><img loading=\"lazy\" decoding=\"async\" src=\"https:\/\/i0.wp.com\/mhyrdin.fr\/blog\/wordpress\/wp-content\/gallery\/31janv-2015\/Barge-%C3%A0-queue-noire_9720.jpg?h=170\" alt=\"Barges \u00e0 queue noire\" width=\"255\" height=\"170\" \/><\/a><p class=\"jig-HTMLdescription\">Barges \u00e0 queue noire<br\/>\u00c9tang du Curnic - Guiss\u00e9ny<\/p><\/li><li><a href=\"https:\/\/i0.wp.com\/mhyrdin.fr\/blog\/wordpress\/wp-content\/gallery\/31janv-2015\/Canards_9731.jpg?ssl=1\" title=\"\u00c9tang du Curnic - Guiss\u00e9ny\"><img loading=\"lazy\" decoding=\"async\" src=\"https:\/\/i0.wp.com\/mhyrdin.fr\/blog\/wordpress\/wp-content\/gallery\/31janv-2015\/Canards_9731.jpg?h=170\" alt=\"Anatid\u00e9s (canards) en vrac\" width=\"374\" height=\"170\" \/><\/a><p class=\"jig-HTMLdescription\">Anatid\u00e9s (canards) en vrac<br\/>\u00c9tang du Curnic - Guiss\u00e9ny<\/p><\/li><li><a href=\"https:\/\/i0.wp.com\/mhyrdin.fr\/blog\/wordpress\/wp-content\/gallery\/31janv-2015\/Guisseny_9591.jpg?ssl=1\" title=\"Guisseny_9591\"><img loading=\"lazy\" decoding=\"async\" src=\"https:\/\/i0.wp.com\/mhyrdin.fr\/blog\/wordpress\/wp-content\/gallery\/31janv-2015\/Guisseny_9591.jpg?h=170\" alt=\"Anse du Curnic - Guiss\u00e9ny\" width=\"255\" height=\"170\" \/><\/a><p class=\"jig-HTMLdescription\">Anse du Curnic - Guiss\u00e9ny<br\/>Guisseny_9591<\/p><\/li><li><a href=\"https:\/\/i0.wp.com\/mhyrdin.fr\/blog\/wordpress\/wp-content\/gallery\/31janv-2015\/Guisseny_9570.jpg?ssl=1\" title=\"Guisseny_9570\"><img loading=\"lazy\" decoding=\"async\" src=\"https:\/\/i0.wp.com\/mhyrdin.fr\/blog\/wordpress\/wp-content\/gallery\/31janv-2015\/Guisseny_9570.jpg?h=170\" alt=\"Anse du Curnic - Guiss\u00e9ny\" width=\"255\" height=\"170\" \/><\/a><p class=\"jig-HTMLdescription\">Anse du Curnic - Guiss\u00e9ny<br\/>Guisseny_9570<\/p><\/li><li><a href=\"https:\/\/i0.wp.com\/mhyrdin.fr\/blog\/wordpress\/wp-content\/gallery\/31janv-2015\/Becasseau-variable_9727.jpg?ssl=1\" title=\"En ligne face au vent avec pluviers et barges\r\nAnse du Curnic - Guiss\u00e9ny\"><img loading=\"lazy\" decoding=\"async\" src=\"https:\/\/i0.wp.com\/mhyrdin.fr\/blog\/wordpress\/wp-content\/gallery\/31janv-2015\/Becasseau-variable_9727.jpg?h=170\" alt=\"B\u00e9casseaux variables\" width=\"425\" height=\"170\" \/><\/a><p class=\"jig-HTMLdescription\">B\u00e9casseaux variables<br\/>En ligne face au vent avec pluviers et barges\r\nAnse du Curnic - Guiss\u00e9ny<\/p><\/li><li><a href=\"https:\/\/i0.wp.com\/mhyrdin.fr\/blog\/wordpress\/wp-content\/gallery\/31janv-2015\/Gravelot_9724.jpg?ssl=1\" title=\"Anse du Curnic - Guiss\u00e9ny\"><img loading=\"lazy\" decoding=\"async\" src=\"https:\/\/i0.wp.com\/mhyrdin.fr\/blog\/wordpress\/wp-content\/gallery\/31janv-2015\/Gravelot_9724.jpg?h=170\" alt=\"Grand gravelot\" width=\"314\" height=\"170\" \/><\/a><p class=\"jig-HTMLdescription\">Grand gravelot<br\/>Anse du Curnic - Guiss\u00e9ny<\/p><\/li><li><a href=\"https:\/\/i0.wp.com\/mhyrdin.fr\/blog\/wordpress\/wp-content\/gallery\/31janv-2015\/Gravelot_9722.jpg?ssl=1\" title=\"Anse du Curnic - Guiss\u00e9ny\"><img loading=\"lazy\" decoding=\"async\" src=\"https:\/\/i0.wp.com\/mhyrdin.fr\/blog\/wordpress\/wp-content\/gallery\/31janv-2015\/Gravelot_9722.jpg?h=170\" alt=\"Grands gravelots\" width=\"255\" height=\"170\" \/><\/a><p class=\"jig-HTMLdescription\">Grands gravelots<br\/>Anse du Curnic - Guiss\u00e9ny<\/p><\/li><li><a href=\"https:\/\/i0.wp.com\/mhyrdin.fr\/blog\/wordpress\/wp-content\/gallery\/31janv-2015\/Gravelot_9725.jpg?ssl=1\" title=\"Anse du Curnic - Guiss\u00e9ny\"><img loading=\"lazy\" decoding=\"async\" src=\"https:\/\/i0.wp.com\/mhyrdin.fr\/blog\/wordpress\/wp-content\/gallery\/31janv-2015\/Gravelot_9725.jpg?h=170\" alt=\"Grands gravelots\" width=\"255\" height=\"170\" \/><\/a><p class=\"jig-HTMLdescription\">Grands gravelots<br\/>Anse du Curnic - Guiss\u00e9ny<\/p><\/li><li><a href=\"https:\/\/i0.wp.com\/mhyrdin.fr\/blog\/wordpress\/wp-content\/gallery\/31janv-2015\/Guisseny_9594.jpg?ssl=1\" title=\"Guisseny_9594\"><img loading=\"lazy\" decoding=\"async\" src=\"https:\/\/i0.wp.com\/mhyrdin.fr\/blog\/wordpress\/wp-content\/gallery\/31janv-2015\/Guisseny_9594.jpg?h=170\" alt=\"Guiss\u00e9ny\" width=\"255\" height=\"170\" \/><\/a><p class=\"jig-HTMLdescription\">Guiss\u00e9ny<br\/>Guisseny_9594<\/p><\/li><li><a href=\"https:\/\/i0.wp.com\/mhyrdin.fr\/blog\/wordpress\/wp-content\/gallery\/31janv-2015\/Guisseny_9739.jpg?ssl=1\" title=\"Guisseny_9739\"><img loading=\"lazy\" decoding=\"async\" src=\"https:\/\/i0.wp.com\/mhyrdin.fr\/blog\/wordpress\/wp-content\/gallery\/31janv-2015\/Guisseny_9739.jpg?h=170\" alt=\"Le Curnic\" width=\"328\" height=\"170\" \/><\/a><p class=\"jig-HTMLdescription\">Le Curnic<br\/>Guisseny_9739<\/p><\/li><li><a href=\"https:\/\/i0.wp.com\/mhyrdin.fr\/blog\/wordpress\/wp-content\/gallery\/31janv-2015\/Guisseny_9740.jpg?ssl=1\" title=\"Guisseny_9740\"><img loading=\"lazy\" decoding=\"async\" src=\"https:\/\/i0.wp.com\/mhyrdin.fr\/blog\/wordpress\/wp-content\/gallery\/31janv-2015\/Guisseny_9740.jpg?h=170\" alt=\"Le Curnic\" width=\"314\" height=\"170\" \/><\/a><p class=\"jig-HTMLdescription\">Le Curnic<br\/>Guisseny_9740<\/p><\/li><li><a href=\"https:\/\/i0.wp.com\/mhyrdin.fr\/blog\/wordpress\/wp-content\/gallery\/31janv-2015\/Ile-vierge_9598.jpg?ssl=1\"><img loading=\"lazy\" decoding=\"async\" src=\"https:\/\/i0.wp.com\/mhyrdin.fr\/blog\/wordpress\/wp-content\/gallery\/31janv-2015\/Ile-vierge_9598.jpg?h=170\" alt=\"Phare de l&#039;\u00eele-vierge\" width=\"255\" height=\"170\" \/><\/a><p class=\"jig-HTMLdescription\">Phare de l'\u00eele-vierge<\/p><\/li><li><a href=\"https:\/\/i0.wp.com\/mhyrdin.fr\/blog\/wordpress\/wp-content\/gallery\/31janv-2015\/Ile-vierge_9600.jpg?ssl=1\"><img loading=\"lazy\" decoding=\"async\" src=\"https:\/\/i0.wp.com\/mhyrdin.fr\/blog\/wordpress\/wp-content\/gallery\/31janv-2015\/Ile-vierge_9600.jpg?h=170\" alt=\"Phare de l&#039;\u00eele-vierge\" width=\"255\" height=\"170\" \/><\/a><p class=\"jig-HTMLdescription\">Phare de l'\u00eele-vierge<\/p><\/li><li><a href=\"https:\/\/i0.wp.com\/mhyrdin.fr\/blog\/wordpress\/wp-content\/gallery\/31janv-2015\/Plouguerneau_9609.jpg?ssl=1\" title=\"Plouguerneau_9609\"><img loading=\"lazy\" decoding=\"async\" src=\"https:\/\/i0.wp.com\/mhyrdin.fr\/blog\/wordpress\/wp-content\/gallery\/31janv-2015\/Plouguerneau_9609.jpg?h=170\" alt=\"Au large de Plouguerneau\" width=\"113\" height=\"170\" \/><\/a><p class=\"jig-HTMLdescription\">Au large de Plouguerneau<br\/>Plouguerneau_9609<\/p><\/li><li><a href=\"https:\/\/i0.wp.com\/mhyrdin.fr\/blog\/wordpress\/wp-content\/gallery\/31janv-2015\/Plouguerneau_9612.jpg?ssl=1\" title=\"Plouguerneau_9612\"><img loading=\"lazy\" decoding=\"async\" src=\"https:\/\/i0.wp.com\/mhyrdin.fr\/blog\/wordpress\/wp-content\/gallery\/31janv-2015\/Plouguerneau_9612.jpg?h=170\" alt=\"Au large de Plouguerneau\" width=\"113\" height=\"170\" \/><\/a><p class=\"jig-HTMLdescription\">Au large de Plouguerneau<br\/>Plouguerneau_9612<\/p><\/li><li><a href=\"https:\/\/i0.wp.com\/mhyrdin.fr\/blog\/wordpress\/wp-content\/gallery\/31janv-2015\/Plouguerneau_9613.jpg?ssl=1\" title=\"Plouguerneau_9613\"><img loading=\"lazy\" decoding=\"async\" src=\"https:\/\/i0.wp.com\/mhyrdin.fr\/blog\/wordpress\/wp-content\/gallery\/31janv-2015\/Plouguerneau_9613.jpg?h=170\" alt=\"Au large de Plouguerneau\" width=\"255\" height=\"170\" \/><\/a><p class=\"jig-HTMLdescription\">Au large de Plouguerneau<br\/>Plouguerneau_9613<\/p><\/li><\/ul><\/noscript><\/div><div id=\"jig1-developerLink\" class=\"jig-developerLink\"><a href=\"https:\/\/justifiedgrid.com\/\" target=\"_blank\" title=\"Justified Image Grid - Premium WordPress Gallery\">powered by Justified Image Grid<\/a><\/div>\n<p>&nbsp;<\/p>\n<p>Peu de lumi\u00e8re en cette fin de mois, si en Bretagne c\u00f4ti\u00e8re on a \u00e9vit\u00e9 la neige, grosses pluies et gr\u00eale ont continu\u00e9 \u00e0 s\u00e9vir \ud83d\ude41<br \/>\nPhotos dans les bois de Kerhoual, au jardin et sur la c\u00f4te.<\/p>\n<div id=\"jig2\" class=\"justified-image-grid jig-bbbad6465dd2cb4dddd54529ae3cd3ee jig-preset-global jig-source-nextgen\"><div class=\"jig-clearfix\"><\/div><noscript id=\"jig2-html\" class=\"justified-image-grid-html\" data-lazy-src=\"skiplazyload\" data-src=\"skipunveillazyload\"><ul><li><a href=\"https:\/\/i0.wp.com\/mhyrdin.fr\/blog\/wordpress\/wp-content\/gallery\/fin-janvier2015\/Grebe-castagneux_9413.jpg?ssl=1\" title=\"\u00c9tang de Kerhoual\"><img loading=\"lazy\" decoding=\"async\" src=\"https:\/\/i0.wp.com\/mhyrdin.fr\/blog\/wordpress\/wp-content\/gallery\/fin-janvier2015\/Grebe-castagneux_9413.jpg?h=170\" alt=\"Gr\u00e8be castagneux\" width=\"255\" height=\"170\" \/><\/a><p class=\"jig-HTMLdescription\">Gr\u00e8be castagneux<br\/>\u00c9tang de Kerhoual<\/p><\/li><li><a href=\"https:\/\/i0.wp.com\/mhyrdin.fr\/blog\/wordpress\/wp-content\/gallery\/fin-janvier2015\/Grebe-castagneux_9480.jpg?ssl=1\" title=\"\u00c9tang de Kerhoual\"><img loading=\"lazy\" decoding=\"async\" src=\"https:\/\/i0.wp.com\/mhyrdin.fr\/blog\/wordpress\/wp-content\/gallery\/fin-janvier2015\/Grebe-castagneux_9480.jpg?h=170\" alt=\"Gr\u00e8be castagneux\" width=\"255\" height=\"170\" \/><\/a><p class=\"jig-HTMLdescription\">Gr\u00e8be castagneux<br\/>\u00c9tang de Kerhoual<\/p><\/li><li><a href=\"https:\/\/i0.wp.com\/mhyrdin.fr\/blog\/wordpress\/wp-content\/gallery\/fin-janvier2015\/Rougegorge_9381.jpg?ssl=1\" title=\"Au jardin\"><img loading=\"lazy\" decoding=\"async\" src=\"https:\/\/i0.wp.com\/mhyrdin.fr\/blog\/wordpress\/wp-content\/gallery\/fin-janvier2015\/Rougegorge_9381.jpg?h=170\" alt=\"Rougegorge\" width=\"113\" height=\"170\" \/><\/a><p class=\"jig-HTMLdescription\">Rougegorge<br\/>Au jardin<\/p><\/li><li><a href=\"https:\/\/i0.wp.com\/mhyrdin.fr\/blog\/wordpress\/wp-content\/gallery\/fin-janvier2015\/Rougegorge_9385.jpg?ssl=1\" title=\"Au jardin\"><img loading=\"lazy\" decoding=\"async\" src=\"https:\/\/i0.wp.com\/mhyrdin.fr\/blog\/wordpress\/wp-content\/gallery\/fin-janvier2015\/Rougegorge_9385.jpg?h=170\" alt=\"Rougegorge\" width=\"170\" height=\"170\" \/><\/a><p class=\"jig-HTMLdescription\">Rougegorge<br\/>Au jardin<\/p><\/li><li><a href=\"https:\/\/i0.wp.com\/mhyrdin.fr\/blog\/wordpress\/wp-content\/gallery\/fin-janvier2015\/Troglodyte_9327.jpg?ssl=1\" title=\"Au jardin\"><img loading=\"lazy\" decoding=\"async\" src=\"https:\/\/i0.wp.com\/mhyrdin.fr\/blog\/wordpress\/wp-content\/gallery\/fin-janvier2015\/Troglodyte_9327.jpg?h=170\" alt=\"Troglodyte\" width=\"255\" height=\"170\" \/><\/a><p class=\"jig-HTMLdescription\">Troglodyte<br\/>Au jardin<\/p><\/li><li><a href=\"https:\/\/i0.wp.com\/mhyrdin.fr\/blog\/wordpress\/wp-content\/gallery\/fin-janvier2015\/Troglodyte_9369.jpg?ssl=1\" title=\"Au jardin\"><img loading=\"lazy\" decoding=\"async\" src=\"https:\/\/i0.wp.com\/mhyrdin.fr\/blog\/wordpress\/wp-content\/gallery\/fin-janvier2015\/Troglodyte_9369.jpg?h=170\" alt=\"Troglodyte\" width=\"170\" height=\"170\" \/><\/a><p class=\"jig-HTMLdescription\">Troglodyte<br\/>Au jardin<\/p><\/li><li><a href=\"https:\/\/i0.wp.com\/mhyrdin.fr\/blog\/wordpress\/wp-content\/gallery\/fin-janvier2015\/Troglodyte_9403.jpg?ssl=1\" title=\"Au jardin\"><img loading=\"lazy\" decoding=\"async\" src=\"https:\/\/i0.wp.com\/mhyrdin.fr\/blog\/wordpress\/wp-content\/gallery\/fin-janvier2015\/Troglodyte_9403.jpg?h=170\" alt=\"Troglodyte\" width=\"113\" height=\"170\" \/><\/a><p class=\"jig-HTMLdescription\">Troglodyte<br\/>Au jardin<\/p><\/li><li><a href=\"https:\/\/i0.wp.com\/mhyrdin.fr\/blog\/wordpress\/wp-content\/gallery\/fin-janvier2015\/Goeland-argente_9523.jpg?ssl=1\" title=\"Anse du Curnic - Guiss\u00e9ny\"><img loading=\"lazy\" decoding=\"async\" src=\"https:\/\/i0.wp.com\/mhyrdin.fr\/blog\/wordpress\/wp-content\/gallery\/fin-janvier2015\/Goeland-argente_9523.jpg?h=170\" alt=\"Go\u00e9land argent\u00e9\" width=\"255\" height=\"170\" \/><\/a><p class=\"jig-HTMLdescription\">Go\u00e9land argent\u00e9<br\/>Anse du Curnic - Guiss\u00e9ny<\/p><\/li><li><a href=\"https:\/\/i0.wp.com\/mhyrdin.fr\/blog\/wordpress\/wp-content\/gallery\/fin-janvier2015\/Goeland-argente_9529.jpg?ssl=1\" title=\"Anse du Curnic - Guiss\u00e9ny\"><img loading=\"lazy\" decoding=\"async\" src=\"https:\/\/i0.wp.com\/mhyrdin.fr\/blog\/wordpress\/wp-content\/gallery\/fin-janvier2015\/Goeland-argente_9529.jpg?h=170\" alt=\"Go\u00e9land argent\u00e9\" width=\"255\" height=\"170\" \/><\/a><p class=\"jig-HTMLdescription\">Go\u00e9land argent\u00e9<br\/>Anse du Curnic - Guiss\u00e9ny<\/p><\/li><li><a href=\"https:\/\/i0.wp.com\/mhyrdin.fr\/blog\/wordpress\/wp-content\/gallery\/fin-janvier2015\/Pluvier-argente_9560.jpg?ssl=1\" title=\"Anse du Curnic - Guiss\u00e9ny\"><img loading=\"lazy\" decoding=\"async\" src=\"https:\/\/i0.wp.com\/mhyrdin.fr\/blog\/wordpress\/wp-content\/gallery\/fin-janvier2015\/Pluvier-argente_9560.jpg?h=170\" alt=\"Pluvier argent\u00e9\" width=\"255\" height=\"170\" \/><\/a><p class=\"jig-HTMLdescription\">Pluvier argent\u00e9<br\/>Anse du Curnic - Guiss\u00e9ny<\/p><\/li><li><a href=\"https:\/\/i0.wp.com\/mhyrdin.fr\/blog\/wordpress\/wp-content\/gallery\/fin-janvier2015\/Barge-%C3%A0-queue-noire_9501.jpg?ssl=1\" title=\"Anse du Curnic - Guiss\u00e9ny\"><img loading=\"lazy\" decoding=\"async\" src=\"https:\/\/i0.wp.com\/mhyrdin.fr\/blog\/wordpress\/wp-content\/gallery\/fin-janvier2015\/Barge-%C3%A0-queue-noire_9501.jpg?h=170\" alt=\"Barge \u00e0 queue noire\" width=\"255\" height=\"170\" \/><\/a><p class=\"jig-HTMLdescription\">Barge \u00e0 queue noire<br\/>Anse du Curnic - Guiss\u00e9ny<\/p><\/li><li><a href=\"https:\/\/i0.wp.com\/mhyrdin.fr\/blog\/wordpress\/wp-content\/gallery\/fin-janvier2015\/Barge-%C3%A0-queue-noire_9644.jpg?ssl=1\" title=\"Anse du Curnic - Guiss\u00e9ny\"><img loading=\"lazy\" decoding=\"async\" src=\"https:\/\/i0.wp.com\/mhyrdin.fr\/blog\/wordpress\/wp-content\/gallery\/fin-janvier2015\/Barge-%C3%A0-queue-noire_9644.jpg?h=170\" alt=\"Barge \u00e0 queue noire\" width=\"255\" height=\"170\" \/><\/a><p class=\"jig-HTMLdescription\">Barge \u00e0 queue noire<br\/>Anse du Curnic - Guiss\u00e9ny<\/p><\/li><li><a href=\"https:\/\/i0.wp.com\/mhyrdin.fr\/blog\/wordpress\/wp-content\/gallery\/fin-janvier2015\/Barge-%C3%A0-queue-noire_9640.jpg?ssl=1\" title=\"Anse du Curnic - Guiss\u00e9ny\"><img loading=\"lazy\" decoding=\"async\" src=\"https:\/\/i0.wp.com\/mhyrdin.fr\/blog\/wordpress\/wp-content\/gallery\/fin-janvier2015\/Barge-%C3%A0-queue-noire_9640.jpg?h=170\" alt=\"Barge \u00e0 queue noire\" width=\"255\" height=\"170\" \/><\/a><p class=\"jig-HTMLdescription\">Barge \u00e0 queue noire<br\/>Anse du Curnic - Guiss\u00e9ny<\/p><\/li><li><a href=\"https:\/\/i0.wp.com\/mhyrdin.fr\/blog\/wordpress\/wp-content\/gallery\/fin-janvier2015\/Barge-%C3%A0-queue-noire_9697.jpg?ssl=1\" title=\"\u00c9tang du Curnic - Guiss\u00e9ny\"><img loading=\"lazy\" decoding=\"async\" src=\"https:\/\/i0.wp.com\/mhyrdin.fr\/blog\/wordpress\/wp-content\/gallery\/fin-janvier2015\/Barge-%C3%A0-queue-noire_9697.jpg?h=170\" alt=\"Barge \u00e0 queue noire\" width=\"255\" height=\"170\" \/><\/a><p class=\"jig-HTMLdescription\">Barge \u00e0 queue noire<br\/>\u00c9tang du Curnic - Guiss\u00e9ny<\/p><\/li><li><a href=\"https:\/\/i0.wp.com\/mhyrdin.fr\/blog\/wordpress\/wp-content\/gallery\/fin-janvier2015\/Rale-deau_9677.jpg?ssl=1\" title=\"\u00c9tang du Curnic - Guiss\u00e9ny\"><img loading=\"lazy\" decoding=\"async\" src=\"https:\/\/i0.wp.com\/mhyrdin.fr\/blog\/wordpress\/wp-content\/gallery\/fin-janvier2015\/Rale-deau_9677.jpg?h=170\" alt=\"R\u00e2le d&#039;eau\" width=\"113\" height=\"170\" \/><\/a><p class=\"jig-HTMLdescription\">R\u00e2le d'eau<br\/>\u00c9tang du Curnic - Guiss\u00e9ny<\/p><\/li><li><a href=\"https:\/\/i0.wp.com\/mhyrdin.fr\/blog\/wordpress\/wp-content\/gallery\/fin-janvier2015\/Rale-deau_9689.jpg?ssl=1\" title=\"\u00c9tang du Curnic - Guiss\u00e9ny\"><img loading=\"lazy\" decoding=\"async\" src=\"https:\/\/i0.wp.com\/mhyrdin.fr\/blog\/wordpress\/wp-content\/gallery\/fin-janvier2015\/Rale-deau_9689.jpg?h=170\" alt=\"R\u00e2le d&#039;eau\" width=\"255\" height=\"170\" \/><\/a><p class=\"jig-HTMLdescription\">R\u00e2le d'eau<br\/>\u00c9tang du Curnic - Guiss\u00e9ny<\/p><\/li><\/ul><\/noscript><\/div><div id=\"jig2-developerLink\" class=\"jig-developerLink\"><a href=\"https:\/\/justifiedgrid.com\/\" target=\"_blank\" title=\"Justified Image Grid - Premium WordPress Gallery\">powered by Justified Image Grid<\/a><\/div>\n<h3>Related Images:<\/h3>","protected":false},"excerpt":{"rendered":"<p>31 janvier, journ\u00e9e internationale des zones humides. (m\u00eame en Bretagne on en trouve !) &nbsp; Peu de lumi\u00e8re en cette fin de mois, si en Bretagne c\u00f4ti\u00e8re on a \u00e9vit\u00e9 la neige, grosses pluies et gr\u00eale ont continu\u00e9 \u00e0 s\u00e9vir \ud83d\ude41 Photos dans les bois de Kerhoual, au jardin et sur la c\u00f4te. Related Images:<\/p>\n","protected":false},"author":4,"featured_media":4480,"comment_status":"open","ping_status":"closed","sticky":false,"template":"","format":"standard","meta":{"ngg_post_thumbnail":0,"jetpack_post_was_ever_published":false,"_jetpack_newsletter_access":"","_jetpack_dont_email_post_to_subs":false,"_jetpack_newsletter_tier_id":0,"_jetpack_memberships_contains_paywalled_content":false,"_jetpack_memberships_contains_paid_content":false,"footnotes":"","_links_to":"","_links_to_target":""},"categories":[1],"tags":[],"class_list":["post-4431","post","type-post","status-publish","format-standard","has-post-thumbnail","hentry","category-new"],"jetpack_featured_media_url":"https:\/\/i0.wp.com\/mhyrdin.fr\/blog\/wordpress\/wp-content\/uploads\/ngg_featured\/Guisseny_9565.jpg?fit=1024%2C683&ssl=1","jetpack_shortlink":"https:\/\/wp.me\/p9lSZN-19t","jetpack_sharing_enabled":true,"_links":{"self":[{"href":"https:\/\/mhyrdin.fr\/blog\/wp-json\/wp\/v2\/posts\/4431","targetHints":{"allow":["GET"]}}],"collection":[{"href":"https:\/\/mhyrdin.fr\/blog\/wp-json\/wp\/v2\/posts"}],"about":[{"href":"https:\/\/mhyrdin.fr\/blog\/wp-json\/wp\/v2\/types\/post"}],"author":[{"embeddable":true,"href":"https:\/\/mhyrdin.fr\/blog\/wp-json\/wp\/v2\/users\/4"}],"replies":[{"embeddable":true,"href":"https:\/\/mhyrdin.fr\/blog\/wp-json\/wp\/v2\/comments?post=4431"}],"version-history":[{"count":0,"href":"https:\/\/mhyrdin.fr\/blog\/wp-json\/wp\/v2\/posts\/4431\/revisions"}],"wp:featuredmedia":[{"embeddable":true,"href":"https:\/\/mhyrdin.fr\/blog\/wp-json\/wp\/v2\/media\/4480"}],"wp:attachment":[{"href":"https:\/\/mhyrdin.fr\/blog\/wp-json\/wp\/v2\/media?parent=4431"}],"wp:term":[{"taxonomy":"category","embeddable":true,"href":"https:\/\/mhyrdin.fr\/blog\/wp-json\/wp\/v2\/categories?post=4431"},{"taxonomy":"post_tag","embeddable":true,"href":"https:\/\/mhyrdin.fr\/blog\/wp-json\/wp\/v2\/tags?post=4431"}],"curies":[{"name":"wp","href":"https:\/\/api.w.org\/{rel}","templated":true}]}}