{"id":3783,"date":"2014-12-26T10:26:01","date_gmt":"2014-12-26T09:26:01","guid":{"rendered":"http:\/\/www.mhyrdin.fr\/blog\/?p=3783"},"modified":"2015-11-23T16:30:31","modified_gmt":"2015-11-23T15:30:31","slug":"couleurs-de-decembre","status":"publish","type":"post","link":"https:\/\/mhyrdin.fr\/blog\/couleurs-de-decembre\/","title":{"rendered":"Couleurs de d\u00e9cembre"},"content":{"rendered":"<p>Couleurs de d\u00e9cembre : Un mois commenc\u00e9 par des gris ponctu\u00e9s de quelques t\u00e2ches de lumi\u00e8re mais qui se termine avec un grand soleil et un magnifique ciel bleu !<br \/>\nTout ce qu&rsquo;il faut pour quelques images d&rsquo;oiseaux nettes et lumineuses . \ud83d\ude42<\/p>\n<div id=\"jig1\" class=\"justified-image-grid jig-04c11953c878f1e93a70d510be2044da jig-preset-global jig-source-nextgen\"><div class=\"jig-clearfix\"><\/div><noscript id=\"jig1-html\" class=\"justified-image-grid-html\" data-lazy-src=\"skiplazyload\" data-src=\"skipunveillazyload\"><ul><li><a href=\"https:\/\/i0.wp.com\/mhyrdin.fr\/blog\/wordpress\/wp-content\/gallery\/decembre2014\/Becasseau-sanderling_8641.jpg?ssl=1\" title=\"Plage de Porsliogan au Conquet\"><img loading=\"lazy\" decoding=\"async\" src=\"https:\/\/i0.wp.com\/mhyrdin.fr\/blog\/wordpress\/wp-content\/gallery\/decembre2014\/Becasseau-sanderling_8641.jpg?h=170\" alt=\"B\u00e9casseaux sanderling\" width=\"255\" height=\"170\" \/><\/a><p class=\"jig-HTMLdescription\">B\u00e9casseaux sanderling<br\/>Plage de Porsliogan au Conquet<\/p><\/li><li><a href=\"https:\/\/i0.wp.com\/mhyrdin.fr\/blog\/wordpress\/wp-content\/gallery\/decembre2014\/Becasseau-sanderling_8587.jpg?ssl=1\" title=\"Plage de Porsliogan au Conquet\"><img loading=\"lazy\" decoding=\"async\" src=\"https:\/\/i0.wp.com\/mhyrdin.fr\/blog\/wordpress\/wp-content\/gallery\/decembre2014\/Becasseau-sanderling_8587.jpg?h=170\" alt=\"B\u00e9casseau sanderling\" width=\"255\" height=\"170\" \/><\/a><p class=\"jig-HTMLdescription\">B\u00e9casseau sanderling<br\/>Plage de Porsliogan au Conquet<\/p><\/li><li><a href=\"https:\/\/i0.wp.com\/mhyrdin.fr\/blog\/wordpress\/wp-content\/gallery\/decembre2014\/Becasseau-sanderling_8552.jpg?ssl=1\" title=\"Plage de Porsliogan au Conquet\"><img loading=\"lazy\" decoding=\"async\" src=\"https:\/\/i0.wp.com\/mhyrdin.fr\/blog\/wordpress\/wp-content\/gallery\/decembre2014\/Becasseau-sanderling_8552.jpg?h=170\" alt=\"B\u00e9casseau sanderling\" width=\"255\" height=\"170\" \/><\/a><p class=\"jig-HTMLdescription\">B\u00e9casseau sanderling<br\/>Plage de Porsliogan au Conquet<\/p><\/li><li><a href=\"https:\/\/i0.wp.com\/mhyrdin.fr\/blog\/wordpress\/wp-content\/gallery\/decembre2014\/Becasseau-sanderling_8599.jpg?ssl=1\" title=\"Plage de Porsliogan au Conquet\"><img loading=\"lazy\" decoding=\"async\" src=\"https:\/\/i0.wp.com\/mhyrdin.fr\/blog\/wordpress\/wp-content\/gallery\/decembre2014\/Becasseau-sanderling_8599.jpg?h=170\" alt=\"B\u00e9casseau sanderling\" width=\"255\" height=\"170\" \/><\/a><p class=\"jig-HTMLdescription\">B\u00e9casseau sanderling<br\/>Plage de Porsliogan au Conquet<\/p><\/li><li><a href=\"https:\/\/i0.wp.com\/mhyrdin.fr\/blog\/wordpress\/wp-content\/gallery\/decembre2014\/Grand-gravelot_8530.jpg?ssl=1\" title=\"Plage de Porsliogan au Conquet\"><img loading=\"lazy\" decoding=\"async\" src=\"https:\/\/i0.wp.com\/mhyrdin.fr\/blog\/wordpress\/wp-content\/gallery\/decembre2014\/Grand-gravelot_8530.jpg?h=170\" alt=\"Grand gravelot\" width=\"255\" height=\"170\" \/><\/a><p class=\"jig-HTMLdescription\">Grand gravelot<br\/>Plage de Porsliogan au Conquet<\/p><\/li><li><a href=\"https:\/\/i0.wp.com\/mhyrdin.fr\/blog\/wordpress\/wp-content\/gallery\/decembre2014\/Grand-gravelot_8615.jpg?ssl=1\" title=\"Plage de Porsliogan au Conquet\"><img loading=\"lazy\" decoding=\"async\" src=\"https:\/\/i0.wp.com\/mhyrdin.fr\/blog\/wordpress\/wp-content\/gallery\/decembre2014\/Grand-gravelot_8615.jpg?h=170\" alt=\"Grand gravelot\" width=\"255\" height=\"170\" \/><\/a><p class=\"jig-HTMLdescription\">Grand gravelot<br\/>Plage de Porsliogan au Conquet<\/p><\/li><li><a href=\"https:\/\/i0.wp.com\/mhyrdin.fr\/blog\/wordpress\/wp-content\/gallery\/decembre2014\/Rougequeue-noir_8671.jpg?ssl=1\" title=\"Plage de Porsliogan au Conquet\"><img loading=\"lazy\" decoding=\"async\" src=\"https:\/\/i0.wp.com\/mhyrdin.fr\/blog\/wordpress\/wp-content\/gallery\/decembre2014\/Rougequeue-noir_8671.jpg?h=170\" alt=\"Rougequeue noir\" width=\"255\" height=\"170\" \/><\/a><p class=\"jig-HTMLdescription\">Rougequeue noir<br\/>Plage de Porsliogan au Conquet<\/p><\/li><li><a href=\"https:\/\/i0.wp.com\/mhyrdin.fr\/blog\/wordpress\/wp-content\/gallery\/decembre2014\/Goeland-argente_8100.jpg?ssl=1\" title=\"Les Blancs-Sablons - 25 d\u00e9cembre -\"><img loading=\"lazy\" decoding=\"async\" src=\"https:\/\/i0.wp.com\/mhyrdin.fr\/blog\/wordpress\/wp-content\/gallery\/decembre2014\/Goeland-argente_8100.jpg?h=170\" alt=\"Go\u00e9land argent\u00e9 (jeune)\" width=\"255\" height=\"170\" \/><\/a><p class=\"jig-HTMLdescription\">Go\u00e9land argent\u00e9 (jeune)<br\/>Les Blancs-Sablons - 25 d\u00e9cembre -<\/p><\/li><li><a href=\"https:\/\/i0.wp.com\/mhyrdin.fr\/blog\/wordpress\/wp-content\/gallery\/decembre2014\/Faucon-crecerelle_8149.jpg?ssl=1\" title=\"Les Blancs-Sablons - 25 d\u00e9cembre -\"><img loading=\"lazy\" decoding=\"async\" src=\"https:\/\/i0.wp.com\/mhyrdin.fr\/blog\/wordpress\/wp-content\/gallery\/decembre2014\/Faucon-crecerelle_8149.jpg?h=170\" alt=\"Faucon cr\u00e9cerelle\" width=\"255\" height=\"170\" \/><\/a><p class=\"jig-HTMLdescription\">Faucon cr\u00e9cerelle<br\/>Les Blancs-Sablons - 25 d\u00e9cembre -<\/p><\/li><li><a href=\"https:\/\/i0.wp.com\/mhyrdin.fr\/blog\/wordpress\/wp-content\/gallery\/decembre2014\/Faucon-crecerelle_8123.jpg?ssl=1\" title=\"Les Blancs-Sablons - 25 d\u00e9cembre -\"><img loading=\"lazy\" decoding=\"async\" src=\"https:\/\/i0.wp.com\/mhyrdin.fr\/blog\/wordpress\/wp-content\/gallery\/decembre2014\/Faucon-crecerelle_8123.jpg?h=170\" alt=\"Faucon cr\u00e9cerelle\" width=\"255\" height=\"170\" \/><\/a><p class=\"jig-HTMLdescription\">Faucon cr\u00e9cerelle<br\/>Les Blancs-Sablons - 25 d\u00e9cembre -<\/p><\/li><li><a href=\"https:\/\/i0.wp.com\/mhyrdin.fr\/blog\/wordpress\/wp-content\/gallery\/decembre2014\/Faucon-crecerelle_8143.jpg?ssl=1\" title=\"Les Blancs-Sablons - 25 d\u00e9cembre -\"><img loading=\"lazy\" decoding=\"async\" src=\"https:\/\/i0.wp.com\/mhyrdin.fr\/blog\/wordpress\/wp-content\/gallery\/decembre2014\/Faucon-crecerelle_8143.jpg?h=170\" alt=\"Faucon cr\u00e9cerelle\" width=\"255\" height=\"170\" \/><\/a><p class=\"jig-HTMLdescription\">Faucon cr\u00e9cerelle<br\/>Les Blancs-Sablons - 25 d\u00e9cembre -<\/p><\/li><li><a href=\"https:\/\/i0.wp.com\/mhyrdin.fr\/blog\/wordpress\/wp-content\/gallery\/decembre2014\/Blancs-Sablons_8226.jpg?ssl=1\" title=\"Les Blancs-Sablons - 25 d\u00e9cembre -\"><img loading=\"lazy\" decoding=\"async\" src=\"https:\/\/i0.wp.com\/mhyrdin.fr\/blog\/wordpress\/wp-content\/gallery\/decembre2014\/Blancs-Sablons_8226.jpg?h=170\" alt=\"\u00c9chouage\" width=\"287\" height=\"170\" \/><\/a><p class=\"jig-HTMLdescription\">\u00c9chouage<br\/>Les Blancs-Sablons - 25 d\u00e9cembre -<\/p><\/li><li><a href=\"https:\/\/i0.wp.com\/mhyrdin.fr\/blog\/wordpress\/wp-content\/gallery\/decembre2014\/Blancs-Sablons_8210.jpg?ssl=1\" title=\"Les Blancs-Sablons - 25 d\u00e9cembre -\"><img loading=\"lazy\" decoding=\"async\" src=\"https:\/\/i0.wp.com\/mhyrdin.fr\/blog\/wordpress\/wp-content\/gallery\/decembre2014\/Blancs-Sablons_8210.jpg?h=170\" alt=\"\u00c9chouage\" width=\"255\" height=\"170\" \/><\/a><p class=\"jig-HTMLdescription\">\u00c9chouage<br\/>Les Blancs-Sablons - 25 d\u00e9cembre -<\/p><\/li><li><a href=\"https:\/\/i0.wp.com\/mhyrdin.fr\/blog\/wordpress\/wp-content\/gallery\/decembre2014\/Blancs-Sablons_8197.jpg?ssl=1\" title=\"25 d\u00e9cembre\"><img loading=\"lazy\" decoding=\"async\" src=\"https:\/\/i0.wp.com\/mhyrdin.fr\/blog\/wordpress\/wp-content\/gallery\/decembre2014\/Blancs-Sablons_8197.jpg?h=170\" alt=\"les Blancs-Sablons\" width=\"255\" height=\"170\" \/><\/a><p class=\"jig-HTMLdescription\">les Blancs-Sablons<br\/>25 d\u00e9cembre<\/p><\/li><li><a href=\"https:\/\/i0.wp.com\/mhyrdin.fr\/blog\/wordpress\/wp-content\/gallery\/decembre2014\/STe-Anne_8007.jpg?ssl=1\"><img loading=\"lazy\" decoding=\"async\" src=\"https:\/\/i0.wp.com\/mhyrdin.fr\/blog\/wordpress\/wp-content\/gallery\/decembre2014\/STe-Anne_8007.jpg?h=170\" alt=\"Le phare de Ste-Anne du Portzic\" width=\"294\" height=\"170\" \/><\/a><p class=\"jig-HTMLdescription\">Le phare de Ste-Anne du Portzic<\/p><\/li><li><a href=\"https:\/\/i0.wp.com\/mhyrdin.fr\/blog\/wordpress\/wp-content\/gallery\/decembre2014\/rade_9360.jpg?ssl=1\" title=\"rade_9360\"><img loading=\"lazy\" decoding=\"async\" src=\"https:\/\/i0.wp.com\/mhyrdin.fr\/blog\/wordpress\/wp-content\/gallery\/decembre2014\/rade_9360.jpg?h=170\" alt=\"La rade de BRest\" width=\"325\" height=\"170\" \/><\/a><p class=\"jig-HTMLdescription\">La rade de BRest<br\/>rade_9360<\/p><\/li><li><a href=\"https:\/\/i0.wp.com\/mhyrdin.fr\/blog\/wordpress\/wp-content\/gallery\/decembre2014\/Goulet_8016.jpg?ssl=1\" title=\"La &quot;porte&quot; de sortie de la Rade\"><img loading=\"lazy\" decoding=\"async\" src=\"https:\/\/i0.wp.com\/mhyrdin.fr\/blog\/wordpress\/wp-content\/gallery\/decembre2014\/Goulet_8016.jpg?h=170\" alt=\"Le Goulet\" width=\"255\" height=\"170\" \/><\/a><p class=\"jig-HTMLdescription\">Le Goulet<br\/>La \"porte\" de sortie de la Rade<\/p><\/li><li><a href=\"https:\/\/i0.wp.com\/mhyrdin.fr\/blog\/wordpress\/wp-content\/gallery\/decembre2014\/Grand-large_9362.jpg?ssl=1\"><img loading=\"lazy\" decoding=\"async\" src=\"https:\/\/i0.wp.com\/mhyrdin.fr\/blog\/wordpress\/wp-content\/gallery\/decembre2014\/Grand-large_9362.jpg?h=170\" alt=\"Grand large\" width=\"289\" height=\"170\" \/><\/a><p class=\"jig-HTMLdescription\">Grand large<\/p><\/li><\/ul><\/noscript><\/div><div id=\"jig1-developerLink\" class=\"jig-developerLink\"><a href=\"https:\/\/justifiedgrid.com\/\" target=\"_blank\" title=\"Justified Image Grid - Premium WordPress Gallery\">powered by Justified Image Grid<\/a><\/div>\n<p>&nbsp;<\/p>\n<h3>Related Images:<\/h3>","protected":false},"excerpt":{"rendered":"<p>Couleurs de d\u00e9cembre : Un mois commenc\u00e9 par des gris ponctu\u00e9s de quelques t\u00e2ches de lumi\u00e8re mais qui se termine avec un grand soleil et un magnifique ciel bleu ! Tout ce qu&rsquo;il faut pour quelques images d&rsquo;oiseaux nettes et lumineuses . \ud83d\ude42 &nbsp; Related Images:<\/p>\n","protected":false},"author":4,"featured_media":3811,"comment_status":"open","ping_status":"closed","sticky":false,"template":"","format":"standard","meta":{"ngg_post_thumbnail":0,"jetpack_post_was_ever_published":false,"_jetpack_newsletter_access":"","_jetpack_dont_email_post_to_subs":false,"_jetpack_newsletter_tier_id":0,"_jetpack_memberships_contains_paywalled_content":false,"_jetpack_memberships_contains_paid_content":false,"footnotes":"","_links_to":"","_links_to_target":""},"categories":[1],"tags":[],"class_list":["post-3783","post","type-post","status-publish","format-standard","has-post-thumbnail","hentry","category-new"],"jetpack_featured_media_url":"https:\/\/i0.wp.com\/mhyrdin.fr\/blog\/wordpress\/wp-content\/uploads\/2014\/12\/decembre.jpg?fit=1024%2C293&ssl=1","jetpack_shortlink":"https:\/\/wp.me\/p9lSZN-Z1","jetpack_sharing_enabled":true,"_links":{"self":[{"href":"https:\/\/mhyrdin.fr\/blog\/wp-json\/wp\/v2\/posts\/3783","targetHints":{"allow":["GET"]}}],"collection":[{"href":"https:\/\/mhyrdin.fr\/blog\/wp-json\/wp\/v2\/posts"}],"about":[{"href":"https:\/\/mhyrdin.fr\/blog\/wp-json\/wp\/v2\/types\/post"}],"author":[{"embeddable":true,"href":"https:\/\/mhyrdin.fr\/blog\/wp-json\/wp\/v2\/users\/4"}],"replies":[{"embeddable":true,"href":"https:\/\/mhyrdin.fr\/blog\/wp-json\/wp\/v2\/comments?post=3783"}],"version-history":[{"count":0,"href":"https:\/\/mhyrdin.fr\/blog\/wp-json\/wp\/v2\/posts\/3783\/revisions"}],"wp:featuredmedia":[{"embeddable":true,"href":"https:\/\/mhyrdin.fr\/blog\/wp-json\/wp\/v2\/media\/3811"}],"wp:attachment":[{"href":"https:\/\/mhyrdin.fr\/blog\/wp-json\/wp\/v2\/media?parent=3783"}],"wp:term":[{"taxonomy":"category","embeddable":true,"href":"https:\/\/mhyrdin.fr\/blog\/wp-json\/wp\/v2\/categories?post=3783"},{"taxonomy":"post_tag","embeddable":true,"href":"https:\/\/mhyrdin.fr\/blog\/wp-json\/wp\/v2\/tags?post=3783"}],"curies":[{"name":"wp","href":"https:\/\/api.w.org\/{rel}","templated":true}]}}