{"id":28084,"date":"2025-08-31T12:19:15","date_gmt":"2025-08-31T10:19:15","guid":{"rendered":"https:\/\/mhyrdin.fr\/blog\/?p=28084"},"modified":"2025-09-02T08:32:57","modified_gmt":"2025-09-02T06:32:57","slug":"le-31-du-mois-daout-de-retour-a-brest","status":"publish","type":"post","link":"https:\/\/mhyrdin.fr\/blog\/le-31-du-mois-daout-de-retour-a-brest\/","title":{"rendered":"Ao\u00fbt est termin\u00e9"},"content":{"rendered":"<p>En fin de compte pas de s\u00e9jour \u00e0 Saint-Lary, ni de retrouvailles avec les gypa\u00e8tes de Revilla.<br \/>\nCette ann\u00e9e, le s\u00e9jour dans les Pyr\u00e9n\u00e9es se sera limit\u00e9 aux alentours de Luchon.<\/p>\n<div id=\"jig1\" class=\"justified-image-grid jig-49cfb7ecd1a166d36af41737ae4339e1 jig-preset-global jig-source-nextgen\"><div class=\"jig-clearfix\"><\/div><noscript id=\"jig1-html\" class=\"justified-image-grid-html\" data-lazy-src=\"skiplazyload\" data-src=\"skipunveillazyload\"><ul><li><a href=\"https:\/\/mhyrdin.fr\/blog\/2025-lannee-en-cours\/aout\/aout-a-luchon\/etape-luchonnaise\/\" title=\"30 Photos\"><img loading=\"lazy\" decoding=\"async\" src=\"https:\/\/i0.wp.com\/mhyrdin.fr\/blog\/wordpress\/wp-content\/gallery\/2025_etape-luchonnaise-paysages\/Venasque_3377.JPG?h=170\" alt=\"Paysages\" width=\"262\" height=\"170\" \/><\/a><p class=\"jig-HTMLdescription\">Paysages<br\/>30 Photos<\/p><\/li><li><a href=\"https:\/\/mhyrdin.fr\/blog\/2025-lannee-en-cours\/aout\/aout-a-luchon\/biodiversite-luchonnaise\/\" title=\"23 Photos\"><img loading=\"lazy\" decoding=\"async\" src=\"https:\/\/i0.wp.com\/mhyrdin.fr\/blog\/wordpress\/wp-content\/gallery\/2025_etape-luchonnaise-bio\/Cincle%20plongeur_2730.JPG?h=170\" alt=\"Biches et oiseaux\" width=\"255\" height=\"170\" \/><\/a><p class=\"jig-HTMLdescription\">Biches et oiseaux<br\/>23 Photos<\/p><\/li><li><a href=\"https:\/\/mhyrdin.fr\/blog\/2025-lannee-en-cours\/aout\/aout-a-luchon\/biodiversite-luchonnaise-2\/\" title=\"62 Photos\"><img loading=\"lazy\" decoding=\"async\" src=\"https:\/\/i0.wp.com\/mhyrdin.fr\/blog\/wordpress\/wp-content\/gallery\/biodiversite-luchonnaise-2\/Gouttes_2434.JPG?h=170\" alt=\"Plantes et insectes\" width=\"255\" height=\"170\" \/><\/a><p class=\"jig-HTMLdescription\">Plantes et insectes<br\/>62 Photos<\/p><\/li><\/ul><\/noscript><\/div><div id=\"jig1-developerLink\" class=\"jig-developerLink\"><a href=\"https:\/\/justifiedgrid.com\/\" target=\"_blank\" title=\"Justified Image Grid - Premium WordPress Gallery\">powered by Justified Image Grid<\/a><\/div>\n<p>&nbsp;<\/p>\n<h3>Related Images:<\/h3>","protected":false},"excerpt":{"rendered":"<p>En fin de compte pas de s\u00e9jour \u00e0 Saint-Lary, ni de retrouvailles avec les gypa\u00e8tes de Revilla. Cette ann\u00e9e, le s\u00e9jour dans les Pyr\u00e9n\u00e9es se sera limit\u00e9 aux alentours de Luchon. &nbsp; Related Images:<\/p>\n","protected":false},"author":4,"featured_media":28085,"comment_status":"closed","ping_status":"open","sticky":false,"template":"","format":"standard","meta":{"ngg_post_thumbnail":0,"jetpack_post_was_ever_published":false,"_jetpack_newsletter_access":"","_jetpack_dont_email_post_to_subs":false,"_jetpack_newsletter_tier_id":0,"_jetpack_memberships_contains_paywalled_content":false,"_jetpack_memberships_contains_paid_content":false,"footnotes":"","_links_to":"","_links_to_target":""},"categories":[1],"tags":[],"class_list":["post-28084","post","type-post","status-publish","format-standard","has-post-thumbnail","hentry","category-new"],"jetpack_featured_media_url":"https:\/\/i0.wp.com\/mhyrdin.fr\/blog\/wordpress\/wp-content\/uploads\/2025\/08\/nggallery_import\/Venasque_3387.JPG?fit=1500%2C1000&ssl=1","jetpack_shortlink":"https:\/\/wp.me\/p9lSZN-7iY","jetpack_sharing_enabled":true,"_links":{"self":[{"href":"https:\/\/mhyrdin.fr\/blog\/wp-json\/wp\/v2\/posts\/28084","targetHints":{"allow":["GET"]}}],"collection":[{"href":"https:\/\/mhyrdin.fr\/blog\/wp-json\/wp\/v2\/posts"}],"about":[{"href":"https:\/\/mhyrdin.fr\/blog\/wp-json\/wp\/v2\/types\/post"}],"author":[{"embeddable":true,"href":"https:\/\/mhyrdin.fr\/blog\/wp-json\/wp\/v2\/users\/4"}],"replies":[{"embeddable":true,"href":"https:\/\/mhyrdin.fr\/blog\/wp-json\/wp\/v2\/comments?post=28084"}],"version-history":[{"count":5,"href":"https:\/\/mhyrdin.fr\/blog\/wp-json\/wp\/v2\/posts\/28084\/revisions"}],"predecessor-version":[{"id":28156,"href":"https:\/\/mhyrdin.fr\/blog\/wp-json\/wp\/v2\/posts\/28084\/revisions\/28156"}],"wp:featuredmedia":[{"embeddable":true,"href":"https:\/\/mhyrdin.fr\/blog\/wp-json\/wp\/v2\/media\/28085"}],"wp:attachment":[{"href":"https:\/\/mhyrdin.fr\/blog\/wp-json\/wp\/v2\/media?parent=28084"}],"wp:term":[{"taxonomy":"category","embeddable":true,"href":"https:\/\/mhyrdin.fr\/blog\/wp-json\/wp\/v2\/categories?post=28084"},{"taxonomy":"post_tag","embeddable":true,"href":"https:\/\/mhyrdin.fr\/blog\/wp-json\/wp\/v2\/tags?post=28084"}],"curies":[{"name":"wp","href":"https:\/\/api.w.org\/{rel}","templated":true}]}}