{"id":1427,"date":"2012-09-08T17:43:27","date_gmt":"2012-09-08T15:43:27","guid":{"rendered":"http:\/\/www.mhyrdin.fr\/blog\/?p=1427"},"modified":"2015-11-23T16:32:50","modified_gmt":"2015-11-23T15:32:50","slug":"septembre-en-bretagne","status":"publish","type":"post","link":"https:\/\/mhyrdin.fr\/blog\/septembre-en-bretagne\/","title":{"rendered":"Septembre en Bretagne"},"content":{"rendered":"<div id=\"jig1\" class=\"justified-image-grid jig-889c8b965e5e651385484b0214df438f jig-preset-global jig-source-nextgen\"><div class=\"jig-clearfix\"><\/div><noscript id=\"jig1-html\" class=\"justified-image-grid-html\" data-lazy-src=\"skiplazyload\" data-src=\"skipunveillazyload\"><ul><li><a href=\"https:\/\/i0.wp.com\/mhyrdin.fr\/blog\/wordpress\/wp-content\/gallery\/septembre2012\/kermorvan_4478.jpg?ssl=1\" title=\"kermorvan_4478\"><img loading=\"lazy\" decoding=\"async\" src=\"https:\/\/i0.wp.com\/mhyrdin.fr\/blog\/wordpress\/wp-content\/gallery\/septembre2012\/kermorvan_4478.jpg?h=170\" alt=\"Kermorvan\" width=\"106\" height=\"170\" \/><\/a><p class=\"jig-HTMLdescription\">Kermorvan<br\/>kermorvan_4478<\/p><\/li><li><a href=\"https:\/\/i0.wp.com\/mhyrdin.fr\/blog\/wordpress\/wp-content\/gallery\/septembre2012\/kermorvan_4470.jpg?ssl=1\" title=\"kermorvan_4470\"><img loading=\"lazy\" decoding=\"async\" src=\"https:\/\/i0.wp.com\/mhyrdin.fr\/blog\/wordpress\/wp-content\/gallery\/septembre2012\/kermorvan_4470.jpg?h=170\" alt=\"Kermorvan\" width=\"231\" height=\"170\" \/><\/a><p class=\"jig-HTMLdescription\">Kermorvan<br\/>kermorvan_4470<\/p><\/li><li><a href=\"https:\/\/i0.wp.com\/mhyrdin.fr\/blog\/wordpress\/wp-content\/gallery\/septembre2012\/calvaire_4353.jpg?ssl=1\" title=\"calvaire_4353\"><img loading=\"lazy\" decoding=\"async\" src=\"https:\/\/i0.wp.com\/mhyrdin.fr\/blog\/wordpress\/wp-content\/gallery\/septembre2012\/calvaire_4353.jpg?h=170\" alt=\"Bodonou\" width=\"260\" height=\"170\" \/><\/a><p class=\"jig-HTMLdescription\">Bodonou<br\/>calvaire_4353<\/p><\/li><li><a href=\"https:\/\/i0.wp.com\/mhyrdin.fr\/blog\/wordpress\/wp-content\/gallery\/septembre2012\/agrion-prisonnier_4344.jpg?ssl=1\"><img loading=\"lazy\" decoding=\"async\" src=\"https:\/\/i0.wp.com\/mhyrdin.fr\/blog\/wordpress\/wp-content\/gallery\/septembre2012\/agrion-prisonnier_4344.jpg?h=170\" alt=\"Agrion prisonnier de la toile\" width=\"106\" height=\"170\" \/><\/a><p class=\"jig-HTMLdescription\">Agrion prisonnier de la toile<\/p><\/li><li><a href=\"https:\/\/i0.wp.com\/mhyrdin.fr\/blog\/wordpress\/wp-content\/gallery\/septembre2012\/calopteryx_4327.jpg?ssl=1\" title=\"calopteryx_4327\"><img loading=\"lazy\" decoding=\"async\" src=\"https:\/\/i0.wp.com\/mhyrdin.fr\/blog\/wordpress\/wp-content\/gallery\/septembre2012\/calopteryx_4327.jpg?h=170\" alt=\"Calopteryx\" width=\"231\" height=\"170\" \/><\/a><p class=\"jig-HTMLdescription\">Calopteryx<br\/>calopteryx_4327<\/p><\/li><li><a href=\"https:\/\/i0.wp.com\/mhyrdin.fr\/blog\/wordpress\/wp-content\/gallery\/septembre2012\/calopteryx_4330.jpg?ssl=1\" title=\"calopteryx_4330\"><img loading=\"lazy\" decoding=\"async\" src=\"https:\/\/i0.wp.com\/mhyrdin.fr\/blog\/wordpress\/wp-content\/gallery\/septembre2012\/calopteryx_4330.jpg?h=170\" alt=\"Calopteryx\" width=\"108\" height=\"170\" \/><\/a><p class=\"jig-HTMLdescription\">Calopteryx<br\/>calopteryx_4330<\/p><\/li><li><a href=\"https:\/\/i0.wp.com\/mhyrdin.fr\/blog\/wordpress\/wp-content\/gallery\/septembre2012\/sympetrum-fascie_4638.jpg?ssl=1\"><img loading=\"lazy\" decoding=\"async\" src=\"https:\/\/i0.wp.com\/mhyrdin.fr\/blog\/wordpress\/wp-content\/gallery\/septembre2012\/sympetrum-fascie_4638.jpg?h=170\" alt=\"Sympetrum fasci\u00e9\" width=\"231\" height=\"170\" \/><\/a><p class=\"jig-HTMLdescription\">Sympetrum fasci\u00e9<\/p><\/li><li><a href=\"https:\/\/i0.wp.com\/mhyrdin.fr\/blog\/wordpress\/wp-content\/gallery\/septembre2012\/sympetrum-fascie_4350.jpg?ssl=1\"><img loading=\"lazy\" decoding=\"async\" src=\"https:\/\/i0.wp.com\/mhyrdin.fr\/blog\/wordpress\/wp-content\/gallery\/septembre2012\/sympetrum-fascie_4350.jpg?h=170\" alt=\"Sympetrum fasci\u00e9\" width=\"231\" height=\"170\" \/><\/a><p class=\"jig-HTMLdescription\">Sympetrum fasci\u00e9<\/p><\/li><li><a href=\"https:\/\/i0.wp.com\/mhyrdin.fr\/blog\/wordpress\/wp-content\/gallery\/septembre2012\/schne-bleue_4629.jpg?ssl=1\"><img loading=\"lazy\" decoding=\"async\" src=\"https:\/\/i0.wp.com\/mhyrdin.fr\/blog\/wordpress\/wp-content\/gallery\/septembre2012\/schne-bleue_4629.jpg?h=170\" alt=\"\u00c6schne bleue\" width=\"231\" height=\"170\" \/><\/a><p class=\"jig-HTMLdescription\">\u00c6schne bleue<\/p><\/li><li><a href=\"https:\/\/i0.wp.com\/mhyrdin.fr\/blog\/wordpress\/wp-content\/gallery\/septembre2012\/schne-bleue_4650.jpg?ssl=1\"><img loading=\"lazy\" decoding=\"async\" src=\"https:\/\/i0.wp.com\/mhyrdin.fr\/blog\/wordpress\/wp-content\/gallery\/septembre2012\/schne-bleue_4650.jpg?h=170\" alt=\"\u00c6schne bleue\" width=\"231\" height=\"170\" \/><\/a><p class=\"jig-HTMLdescription\">\u00c6schne bleue<\/p><\/li><li><a href=\"https:\/\/i0.wp.com\/mhyrdin.fr\/blog\/wordpress\/wp-content\/gallery\/septembre2012\/schne-bleue_4341.jpg?ssl=1\"><img loading=\"lazy\" decoding=\"async\" src=\"https:\/\/i0.wp.com\/mhyrdin.fr\/blog\/wordpress\/wp-content\/gallery\/septembre2012\/schne-bleue_4341.jpg?h=170\" alt=\"\u00c6schne bleue\" width=\"106\" height=\"170\" \/><\/a><p class=\"jig-HTMLdescription\">\u00c6schne bleue<\/p><\/li><li><a href=\"https:\/\/i0.wp.com\/mhyrdin.fr\/blog\/wordpress\/wp-content\/gallery\/septembre2012\/citron_4669.jpg?ssl=1\" title=\"citron_4669\"><img loading=\"lazy\" decoding=\"async\" src=\"https:\/\/i0.wp.com\/mhyrdin.fr\/blog\/wordpress\/wp-content\/gallery\/septembre2012\/citron_4669.jpg?h=170\" alt=\"Citron\" width=\"231\" height=\"170\" \/><\/a><p class=\"jig-HTMLdescription\">Citron<br\/>citron_4669<\/p><\/li><li><a href=\"https:\/\/i0.wp.com\/mhyrdin.fr\/blog\/wordpress\/wp-content\/gallery\/septembre2012\/citron_4679.jpg?ssl=1\" title=\"citron_4679\"><img loading=\"lazy\" decoding=\"async\" src=\"https:\/\/i0.wp.com\/mhyrdin.fr\/blog\/wordpress\/wp-content\/gallery\/septembre2012\/citron_4679.jpg?h=170\" alt=\"Citron\" width=\"106\" height=\"170\" \/><\/a><p class=\"jig-HTMLdescription\">Citron<br\/>citron_4679<\/p><\/li><li><a href=\"https:\/\/i0.wp.com\/mhyrdin.fr\/blog\/wordpress\/wp-content\/gallery\/septembre2012\/paon-du-jour_4394.jpg?ssl=1\"><img loading=\"lazy\" decoding=\"async\" src=\"https:\/\/i0.wp.com\/mhyrdin.fr\/blog\/wordpress\/wp-content\/gallery\/septembre2012\/paon-du-jour_4394.jpg?h=170\" alt=\"Paon du jour\" width=\"255\" height=\"170\" \/><\/a><p class=\"jig-HTMLdescription\">Paon du jour<\/p><\/li><li><a href=\"https:\/\/i0.wp.com\/mhyrdin.fr\/blog\/wordpress\/wp-content\/gallery\/septembre2012\/paon-du-jour_4381.jpg?ssl=1\"><img loading=\"lazy\" decoding=\"async\" src=\"https:\/\/i0.wp.com\/mhyrdin.fr\/blog\/wordpress\/wp-content\/gallery\/septembre2012\/paon-du-jour_4381.jpg?h=170\" alt=\"Paon du jour\" width=\"231\" height=\"170\" \/><\/a><p class=\"jig-HTMLdescription\">Paon du jour<\/p><\/li><li><a href=\"https:\/\/i0.wp.com\/mhyrdin.fr\/blog\/wordpress\/wp-content\/gallery\/septembre2012\/petite-tortue_4583.jpg?ssl=1\"><img loading=\"lazy\" decoding=\"async\" src=\"https:\/\/i0.wp.com\/mhyrdin.fr\/blog\/wordpress\/wp-content\/gallery\/septembre2012\/petite-tortue_4583.jpg?h=170\" alt=\"Petite Tortue\" width=\"231\" height=\"170\" \/><\/a><p class=\"jig-HTMLdescription\">Petite Tortue<\/p><\/li><li><a href=\"https:\/\/i0.wp.com\/mhyrdin.fr\/blog\/wordpress\/wp-content\/gallery\/septembre2012\/pieride-choux_4534.jpg?ssl=1\"><img loading=\"lazy\" decoding=\"async\" src=\"https:\/\/i0.wp.com\/mhyrdin.fr\/blog\/wordpress\/wp-content\/gallery\/septembre2012\/pieride-choux_4534.jpg?h=170\" alt=\"Pi\u00e9ride du choux\" width=\"231\" height=\"170\" \/><\/a><p class=\"jig-HTMLdescription\">Pi\u00e9ride du choux<\/p><\/li><li><a href=\"https:\/\/i0.wp.com\/mhyrdin.fr\/blog\/wordpress\/wp-content\/gallery\/septembre2012\/pieris-brassicae_4787.jpg?ssl=1\"><img loading=\"lazy\" decoding=\"async\" src=\"https:\/\/i0.wp.com\/mhyrdin.fr\/blog\/wordpress\/wp-content\/gallery\/septembre2012\/pieris-brassicae_4787.jpg?h=170\" alt=\"Pi\u00e9ride du choux\" width=\"231\" height=\"170\" \/><\/a><p class=\"jig-HTMLdescription\">Pi\u00e9ride du choux<\/p><\/li><li><a href=\"https:\/\/i0.wp.com\/mhyrdin.fr\/blog\/wordpress\/wp-content\/gallery\/septembre2012\/pieris-napi_4816.jpg?ssl=1\"><img loading=\"lazy\" decoding=\"async\" src=\"https:\/\/i0.wp.com\/mhyrdin.fr\/blog\/wordpress\/wp-content\/gallery\/septembre2012\/pieris-napi_4816.jpg?h=170\" alt=\"Pi\u00e9ride du navet\" width=\"231\" height=\"170\" \/><\/a><p class=\"jig-HTMLdescription\">Pi\u00e9ride du navet<\/p><\/li><li><a href=\"https:\/\/i0.wp.com\/mhyrdin.fr\/blog\/wordpress\/wp-content\/gallery\/septembre2012\/lassiommata-megera-satyre_4481_0.jpg?ssl=1\"><img loading=\"lazy\" decoding=\"async\" src=\"https:\/\/i0.wp.com\/mhyrdin.fr\/blog\/wordpress\/wp-content\/gallery\/septembre2012\/lassiommata-megera-satyre_4481_0.jpg?h=170\" alt=\"Satyre\" width=\"231\" height=\"170\" \/><\/a><p class=\"jig-HTMLdescription\">Satyre<\/p><\/li><li><a href=\"https:\/\/i0.wp.com\/mhyrdin.fr\/blog\/wordpress\/wp-content\/gallery\/septembre2012\/vulcain_4540.jpg?ssl=1\" title=\"vulcain_4540\"><img loading=\"lazy\" decoding=\"async\" src=\"https:\/\/i0.wp.com\/mhyrdin.fr\/blog\/wordpress\/wp-content\/gallery\/septembre2012\/vulcain_4540.jpg?h=170\" alt=\"Vulcain\" width=\"231\" height=\"170\" \/><\/a><p class=\"jig-HTMLdescription\">Vulcain<br\/>vulcain_4540<\/p><\/li><li><a href=\"https:\/\/i0.wp.com\/mhyrdin.fr\/blog\/wordpress\/wp-content\/gallery\/septembre2012\/buse_4875.jpg?ssl=1\" title=\"buse_4875\"><img loading=\"lazy\" decoding=\"async\" src=\"https:\/\/i0.wp.com\/mhyrdin.fr\/blog\/wordpress\/wp-content\/gallery\/septembre2012\/buse_4875.jpg?h=170\" alt=\"Buse variable\" width=\"104\" height=\"170\" \/><\/a><p class=\"jig-HTMLdescription\">Buse variable<br\/>buse_4875<\/p><\/li><li><a href=\"https:\/\/i0.wp.com\/mhyrdin.fr\/blog\/wordpress\/wp-content\/gallery\/septembre2012\/geopelie_4919.jpg?ssl=1\" title=\"oiseau australien \u00e9gar\u00e9 dans un jardin de la Cavale Blanche - Brest\"><img loading=\"lazy\" decoding=\"async\" src=\"https:\/\/i0.wp.com\/mhyrdin.fr\/blog\/wordpress\/wp-content\/gallery\/septembre2012\/geopelie_4919.jpg?h=170\" alt=\"G\u00e9op\u00e9lie diamant\" width=\"231\" height=\"170\" \/><\/a><p class=\"jig-HTMLdescription\">G\u00e9op\u00e9lie diamant<br\/>oiseau australien \u00e9gar\u00e9 dans un jardin de la Cavale Blanche - Brest<\/p><\/li><li><a href=\"https:\/\/i0.wp.com\/mhyrdin.fr\/blog\/wordpress\/wp-content\/gallery\/septembre2012\/geopelie_4926.jpg?ssl=1\" title=\"oiseau australien \u00e9gar\u00e9 dans un jardin de la Cavale Blanche - Brest\"><img loading=\"lazy\" decoding=\"async\" src=\"https:\/\/i0.wp.com\/mhyrdin.fr\/blog\/wordpress\/wp-content\/gallery\/septembre2012\/geopelie_4926.jpg?h=170\" alt=\"G\u00e9op\u00e9lie diamant\" width=\"231\" height=\"170\" \/><\/a><p class=\"jig-HTMLdescription\">G\u00e9op\u00e9lie diamant<br\/>oiseau australien \u00e9gar\u00e9 dans un jardin de la Cavale Blanche - Brest<\/p><\/li><li><a href=\"https:\/\/i0.wp.com\/mhyrdin.fr\/blog\/wordpress\/wp-content\/gallery\/septembre2012\/geopelie_4891.jpg?ssl=1\" title=\"oiseau australien \u00e9gar\u00e9 dans un jardin de la Cavale Blanche - Brest\"><img loading=\"lazy\" decoding=\"async\" src=\"https:\/\/i0.wp.com\/mhyrdin.fr\/blog\/wordpress\/wp-content\/gallery\/septembre2012\/geopelie_4891.jpg?h=170\" alt=\"G\u00e9op\u00e9lie diamant\" width=\"231\" height=\"170\" \/><\/a><p class=\"jig-HTMLdescription\">G\u00e9op\u00e9lie diamant<br\/>oiseau australien \u00e9gar\u00e9 dans un jardin de la Cavale Blanche - Brest<\/p><\/li><li><a href=\"https:\/\/i0.wp.com\/mhyrdin.fr\/blog\/wordpress\/wp-content\/gallery\/septembre2012\/geopelie_4923.jpg?ssl=1\" title=\"oiseau australien \u00e9gar\u00e9 dans un jardin de la Cavale Blanche - Brest\"><img loading=\"lazy\" decoding=\"async\" src=\"https:\/\/i0.wp.com\/mhyrdin.fr\/blog\/wordpress\/wp-content\/gallery\/septembre2012\/geopelie_4923.jpg?h=170\" alt=\"G\u00e9op\u00e9lie diamant\" width=\"231\" height=\"170\" \/><\/a><p class=\"jig-HTMLdescription\">G\u00e9op\u00e9lie diamant<br\/>oiseau australien \u00e9gar\u00e9 dans un jardin de la Cavale Blanche - Brest<\/p><\/li><li><a href=\"https:\/\/i0.wp.com\/mhyrdin.fr\/blog\/wordpress\/wp-content\/gallery\/septembre2012\/hirondelle-rustique-4496.jpg?ssl=1\"><img loading=\"lazy\" decoding=\"async\" src=\"https:\/\/i0.wp.com\/mhyrdin.fr\/blog\/wordpress\/wp-content\/gallery\/septembre2012\/hirondelle-rustique-4496.jpg?h=170\" alt=\"Hirondelle rustique\" width=\"231\" height=\"170\" \/><\/a><p class=\"jig-HTMLdescription\">Hirondelle rustique<\/p><\/li><li><a href=\"https:\/\/i0.wp.com\/mhyrdin.fr\/blog\/wordpress\/wp-content\/gallery\/septembre2012\/hirondelle-rustique-4490.jpg?ssl=1\"><img loading=\"lazy\" decoding=\"async\" src=\"https:\/\/i0.wp.com\/mhyrdin.fr\/blog\/wordpress\/wp-content\/gallery\/septembre2012\/hirondelle-rustique-4490.jpg?h=170\" alt=\"Hirondelle rustique\" width=\"231\" height=\"170\" \/><\/a><p class=\"jig-HTMLdescription\">Hirondelle rustique<\/p><\/li><li><a href=\"https:\/\/i0.wp.com\/mhyrdin.fr\/blog\/wordpress\/wp-content\/gallery\/septembre2012\/hirondelles_4484.jpg?ssl=1\" title=\"hirondelles_4484\"><img loading=\"lazy\" decoding=\"async\" src=\"https:\/\/i0.wp.com\/mhyrdin.fr\/blog\/wordpress\/wp-content\/gallery\/septembre2012\/hirondelles_4484.jpg?h=170\" alt=\"Hirondelle rustique\" width=\"231\" height=\"170\" \/><\/a><p class=\"jig-HTMLdescription\">Hirondelle rustique<br\/>hirondelles_4484<\/p><\/li><\/ul><\/noscript><\/div><div id=\"jig1-developerLink\" class=\"jig-developerLink\"><a href=\"https:\/\/justifiedgrid.com\/\" target=\"_blank\" title=\"Justified Image Grid - Premium WordPress Gallery\">powered by Justified Image Grid<\/a><\/div>\n<h3>Related Images:<\/h3>","protected":false},"excerpt":{"rendered":"<p>Kermorvankermorvan_4478Kermorvankermorvan_4470Bodonoucalvaire_4353Agrion prisonnier de la toileCalopteryxcalopteryx_4327Calopteryxcalopteryx_4330Sympetrum fasci\u00e9Sympetrum fasci\u00e9\u00c6schne bleue\u00c6schne bleue\u00c6schne bleueCitroncitron_4669Citroncitron_4679Paon du jourPaon du jourPetite TortuePi\u00e9ride du chouxPi\u00e9ride du chouxPi\u00e9ride du navetSatyreVulcainvulcain_4540Buse variablebuse_4875G\u00e9op\u00e9lie diamantoiseau australien \u00e9gar\u00e9 dans un jardin de la Cavale Blanche &#8211; BrestG\u00e9op\u00e9lie diamantoiseau australien \u00e9gar\u00e9 dans un jardin de la Cavale Blanche &#8211; BrestG\u00e9op\u00e9lie diamantoiseau australien \u00e9gar\u00e9 dans un jardin de la Cavale [&hellip;]<\/p>\n","protected":false},"author":4,"featured_media":0,"comment_status":"open","ping_status":"closed","sticky":false,"template":"","format":"standard","meta":{"ngg_post_thumbnail":0,"jetpack_post_was_ever_published":false,"_jetpack_newsletter_access":"","_jetpack_dont_email_post_to_subs":false,"_jetpack_newsletter_tier_id":0,"_jetpack_memberships_contains_paywalled_content":false,"_jetpack_memberships_contains_paid_content":false,"footnotes":"","_links_to":"","_links_to_target":""},"categories":[1],"tags":[],"class_list":["post-1427","post","type-post","status-publish","format-standard","hentry","category-new"],"jetpack_featured_media_url":"","jetpack_shortlink":"https:\/\/wp.me\/p9lSZN-n1","jetpack_sharing_enabled":true,"_links":{"self":[{"href":"https:\/\/mhyrdin.fr\/blog\/wp-json\/wp\/v2\/posts\/1427","targetHints":{"allow":["GET"]}}],"collection":[{"href":"https:\/\/mhyrdin.fr\/blog\/wp-json\/wp\/v2\/posts"}],"about":[{"href":"https:\/\/mhyrdin.fr\/blog\/wp-json\/wp\/v2\/types\/post"}],"author":[{"embeddable":true,"href":"https:\/\/mhyrdin.fr\/blog\/wp-json\/wp\/v2\/users\/4"}],"replies":[{"embeddable":true,"href":"https:\/\/mhyrdin.fr\/blog\/wp-json\/wp\/v2\/comments?post=1427"}],"version-history":[{"count":0,"href":"https:\/\/mhyrdin.fr\/blog\/wp-json\/wp\/v2\/posts\/1427\/revisions"}],"wp:attachment":[{"href":"https:\/\/mhyrdin.fr\/blog\/wp-json\/wp\/v2\/media?parent=1427"}],"wp:term":[{"taxonomy":"category","embeddable":true,"href":"https:\/\/mhyrdin.fr\/blog\/wp-json\/wp\/v2\/categories?post=1427"},{"taxonomy":"post_tag","embeddable":true,"href":"https:\/\/mhyrdin.fr\/blog\/wp-json\/wp\/v2\/tags?post=1427"}],"curies":[{"name":"wp","href":"https:\/\/api.w.org\/{rel}","templated":true}]}}